{"id":16242,"date":"2025-03-20T16:06:57","date_gmt":"2025-03-20T19:06:57","guid":{"rendered":"https:\/\/hostnetart.com.br\/baixada\/mais-um-funcionario-do-bradesco-e-reintegrado-pelo-sindicato-dos-bancarios-da-baixada-fluminense-3\/"},"modified":"2025-03-20T16:06:57","modified_gmt":"2025-03-20T19:06:57","slug":"mais-um-funcionario-do-bradesco-e-reintegrado-pelo-sindicato-dos-bancarios-da-baixada-fluminense-3","status":"publish","type":"post","link":"https:\/\/hostnetart.com.br\/baixada\/mais-um-funcionario-do-bradesco-e-reintegrado-pelo-sindicato-dos-bancarios-da-baixada-fluminense-3\/","title":{"rendered":"Mais um funcion\u00e1rio do Bradesco \u00e9 reintegrado pelo Sindicato dos Banc\u00e1rios da Baixada Fluminense"},"content":{"rendered":"<div class=\"itemFullText\">\n<p>Os bancos demitem, o Sindicato reintegra!<\/p>\n<p>Nesta quinta-feira, 20 de mar\u00e7o, o Sindicato dos Banc\u00e1rios da Baixada Fluminense reintegrou mais um funcion\u00e1rio do Banco Bradesco, reafirmando seu compromisso com a categoria banc\u00e1ria.<\/p>\n<p>Maur\u00edcio de Castro Ferreira, da ag\u00eancia 0855, localizada em <span class=\"BBwThe\">Guapimirim, <\/span>foi demitido sendo portador de doen\u00e7a ocupacional.<\/p>\n<p>Ap\u00f3s procurar o Sindicato, o banc\u00e1rio foi reintegrado com todos os seus direitos sendo mantidos.<\/p>\n<p>&#8220;Gostaria de agradecer, primeiramente, a Deus e a Nossa Senhora Aparecida, por todo o apoio do Sindicato dos Banc\u00e1rios da Baixada Fluminense em minha reintegra\u00e7\u00e3o. Desde o primeiro contato, com o Sr Newton, e passando pelo suporte do R\u00fabio, a assessoria do Dr Luiz Paulo e de todos desta entidade. Fica o meu sincero agradecimento. Temos que acreditar e apoiar o nosso Sindicato pois, juntos somos fortes&#8221;, comentou Maur\u00edcio.<\/p>\n<p>Maur\u00edcio \u00e9 sindicalizado e teve, desde o in\u00edcio de todo este processo, suporte e atendimento do Departamento Jur\u00eddico do Sindicato, atrav\u00e9s do advogado Luiz Paulo, do Escrit\u00f3rio Baptista &amp; Reis Advogados Associados, e pelo Departamento de Sa\u00fade.<\/p>\n<p><strong>IMPORTANTE<\/strong><\/p>\n<p>\u00c9 fundamental que banc\u00e1rias e banc\u00e1rios, logo que sejam informados de suas demiss\u00f5es, procurem imediatamente atendimento no Sindicato.<\/p>\n<p><b>ATENDIMENTO JUR\u00cdDICO PRESENCIAL<\/b><\/p>\n<p>Nova Igua\u00e7u\u00a0&#8211; \u00e0s\u00a0<em><strong>ter\u00e7as-feiras<\/strong><\/em>, das 11 horas\u00a0<span dir=\"ltr\">\u00e0 13 horas\u00a0<\/span>e das 14 horas \u00e0s 17 horas (telefone:\u00a0<span dir=\"ltr\"><a href=\"tel:21 \/ 2658-8041\">21 \/ 2658-8041<\/a><\/span>)<\/p>\n<p>Duque de Caxias\u00a0&#8211; \u00e0s\u00a0<strong><em>quintas-feiras<\/em><\/strong>, das 10 horas \u00e0s 13 horas (telefone:\u00a0<span dir=\"ltr\"><a href=\"tel:21 \/ 26710-110\">21 \/ 26710-110<\/a><\/span>)<\/p>\n<p><b>SINDICALIZE-SE!<\/b><\/p>\n<\/div>\n<p>\u00a0<\/p>\n<p>\u00a0<\/p>\n","protected":false},"excerpt":{"rendered":"<p>Os bancos demitem, o Sindicato reintegra! Nesta quinta-feira, 20 de mar\u00e7o, o Sindicato dos Banc\u00e1rios da Baixada Fluminense reintegrou mais um funcion\u00e1rio do Banco Bradesco, reafirmando seu compromisso com a categoria banc\u00e1ria. Maur\u00edcio de Castro Ferreira, da ag\u00eancia 0855, localizada em Guapimirim, foi demitido sendo portador de doen\u00e7a ocupacional. Ap\u00f3s procurar o Sindicato, o banc\u00e1rio [&hellip;]<\/p>\n","protected":false},"author":2,"featured_media":16241,"comment_status":"","ping_status":"","sticky":false,"template":"","format":"standard","meta":{"footnotes":""},"categories":[3],"tags":[],"class_list":["post-16242","post","type-post","status-publish","format-standard","has-post-thumbnail","hentry","category-noticias"],"_links":{"self":[{"href":"https:\/\/hostnetart.com.br\/baixada\/wp-json\/wp\/v2\/posts\/16242","targetHints":{"allow":["GET"]}}],"collection":[{"href":"https:\/\/hostnetart.com.br\/baixada\/wp-json\/wp\/v2\/posts"}],"about":[{"href":"https:\/\/hostnetart.com.br\/baixada\/wp-json\/wp\/v2\/types\/post"}],"author":[{"embeddable":true,"href":"https:\/\/hostnetart.com.br\/baixada\/wp-json\/wp\/v2\/users\/2"}],"replies":[{"embeddable":true,"href":"https:\/\/hostnetart.com.br\/baixada\/wp-json\/wp\/v2\/comments?post=16242"}],"version-history":[{"count":0,"href":"https:\/\/hostnetart.com.br\/baixada\/wp-json\/wp\/v2\/posts\/16242\/revisions"}],"wp:featuredmedia":[{"embeddable":true,"href":"https:\/\/hostnetart.com.br\/baixada\/wp-json\/wp\/v2\/media\/16241"}],"wp:attachment":[{"href":"https:\/\/hostnetart.com.br\/baixada\/wp-json\/wp\/v2\/media?parent=16242"}],"wp:term":[{"taxonomy":"category","embeddable":true,"href":"https:\/\/hostnetart.com.br\/baixada\/wp-json\/wp\/v2\/categories?post=16242"},{"taxonomy":"post_tag","embeddable":true,"href":"https:\/\/hostnetart.com.br\/baixada\/wp-json\/wp\/v2\/tags?post=16242"}],"curies":[{"name":"wp","href":"https:\/\/api.w.org\/{rel}","templated":true}]}}