{"id":16234,"date":"2025-03-18T16:23:53","date_gmt":"2025-03-18T19:23:53","guid":{"rendered":"https:\/\/hostnetart.com.br\/baixada\/gt-de-saude-do-itau-avanca-em-negociacao-com-o-banco-sobre-projeto-de-junta-medica\/"},"modified":"2025-03-18T16:23:53","modified_gmt":"2025-03-18T19:23:53","slug":"gt-de-saude-do-itau-avanca-em-negociacao-com-o-banco-sobre-projeto-de-junta-medica","status":"publish","type":"post","link":"https:\/\/hostnetart.com.br\/baixada\/gt-de-saude-do-itau-avanca-em-negociacao-com-o-banco-sobre-projeto-de-junta-medica\/","title":{"rendered":"GT de Sa\u00fade do Ita\u00fa avan\u00e7a em negocia\u00e7\u00e3o com o banco sobre Projeto de Junta M\u00e9dica"},"content":{"rendered":"<p>Na tarde desta sexta-feira (14), o Grupo de Trabalho (GT) de Junta M\u00e9dica do Ita\u00fa e os representantes da dire\u00e7\u00e3o do banco se reuniram, de forma virtual, para dar continuidade \u00e0s negocia\u00e7\u00f5es sobre o fluxo de funcionamento da junta m\u00e9dica, visando melhorias nos processos.<\/p>\n<p>O GT \u00e9 composto pelas coordenadoras da COE Ita\u00fa, Valeska Pincovai e Maria Izabel Menezes; e as coordenadoras do GT de Sa\u00fade Ita\u00fa, Ros\u00e2ngela Lorenzetti e Luciana Duarte; al\u00e9m de representantes da Feeb BA\/SE (Federa\u00e7\u00e3o dos Banc\u00e1rios da Bahia e Sergipe) e dos Sindicatos de Banc\u00e1rios de Ipatinga e Rio de Janeiro.<\/p>\n<p>O Ita\u00fa iniciou, em novembro de 2024, um projeto piloto para a forma\u00e7\u00e3o da junta m\u00e9dica, conforme previsto na cl\u00e1usula 29 da Conven\u00e7\u00e3o Coletiva de Trabalho (CCT). Desde ent\u00e3o, o modelo adotado pelo banco vinha gerando diversos problemas aos trabalhadores, como falta de suporte operacional, orienta\u00e7\u00e3o e acolhimento.<\/p>\n<p>No encontro, foram alcan\u00e7ados avan\u00e7os importantes em quest\u00f5es relacionadas aos prazos e comunica\u00e7\u00e3o. O banco\u00a0apresentou, atendendo \u00e0 solicita\u00e7\u00e3o da representa\u00e7\u00e3o dos trabalhadores, os indicadores atualizados e estratificados por Sindicato sobre as juntas m\u00e9dicas j\u00e1 conclu\u00eddas e se comprometeu a desenvolver um documento, a ser enviado previamente ao banc\u00e1rio participante da junta m\u00e9dica, ao m\u00e9dico indicado pelo Sindicato e escolhido pelo banco, com as instru\u00e7\u00f5es acerca do funcionamento do processo.<\/p>\n<p>Outro avan\u00e7o conquistado foi com rela\u00e7\u00e3o ao prazo. Os vinte dias para a realiza\u00e7\u00e3o da junta m\u00e9dica ser\u00e3o contados a partir do primeiro dia \u00fatil ap\u00f3s o recebimento da comunica\u00e7\u00e3o formal, devendo o Sindicato e banc\u00e1rios serem notificados com pelo menos vinte e um dias de anteced\u00eancia.<\/p>\n<p>O Ita\u00fa tamb\u00e9m se prop\u00f4s a elaborar um formul\u00e1rio \u201cPerguntas e Respostas\u201d (FAQ) com as d\u00favidas mais frequentes sobre o fluxo de processo das juntas m\u00e9dicas.<\/p>\n<p>Ficou definido, ainda, que a qualquer momento que for solicitado pelo banc\u00e1rio, o banco disponibilizar\u00e1 os exames, relat\u00f3rios e afastamentos cadastrados. O prazo para recebimento destes documentos ser\u00e1 divulgado na FAQ.<\/p>\n<p>A coordenadora do GT de Sa\u00fade, Ros\u00e2ngela Lorenzetti, ressaltou os avan\u00e7os obtidos, mas destacou a necessidade de acompanhamento constante do programa para garantir a humaniza\u00e7\u00e3o do processo, pois trata-se de um momento delicado na vida do trabalhador que exige todo o cuidado por parte do banco.<\/p>\n<p>\u201cO Ita\u00fa precisa, de fato, priorizar a qualidade de vida dos banc\u00e1rios, que adoecem por conta do ass\u00e9dio, das metas e da sobrecarga de trabalho. E adoecidos, ainda tem de lidar com problemas relacionados a um programa que, na teoria, deveria auxili\u00e1-los no momento em\u00a0que est\u00e3o mais fragilizados. \u00c9 fundamental que avancemos, de forma concreta na desburocratiza\u00e7\u00e3o deste processo, com a padroniza\u00e7\u00e3o do fluxo e a garantia de um suporte operacional e psicol\u00f3gico ao trabalhador\u201d, refor\u00e7ou Ros\u00e2ngela.<\/p>\n<p><em>Fonte: Sindicato do Banc\u00e1rios de Araraquara e Contraf-CUT<\/em><\/p>\n<p>\u00a0<\/p>\n","protected":false},"excerpt":{"rendered":"<p>Na tarde desta sexta-feira (14), o Grupo de Trabalho (GT) de Junta M\u00e9dica do Ita\u00fa e os representantes da dire\u00e7\u00e3o do banco se reuniram, de forma virtual, para dar continuidade \u00e0s negocia\u00e7\u00f5es sobre o fluxo de funcionamento da junta m\u00e9dica, visando melhorias nos processos. O GT \u00e9 composto pelas coordenadoras da COE Ita\u00fa, Valeska Pincovai [&hellip;]<\/p>\n","protected":false},"author":2,"featured_media":16233,"comment_status":"","ping_status":"","sticky":false,"template":"","format":"standard","meta":{"footnotes":""},"categories":[3],"tags":[],"class_list":["post-16234","post","type-post","status-publish","format-standard","has-post-thumbnail","hentry","category-noticias"],"_links":{"self":[{"href":"https:\/\/hostnetart.com.br\/baixada\/wp-json\/wp\/v2\/posts\/16234","targetHints":{"allow":["GET"]}}],"collection":[{"href":"https:\/\/hostnetart.com.br\/baixada\/wp-json\/wp\/v2\/posts"}],"about":[{"href":"https:\/\/hostnetart.com.br\/baixada\/wp-json\/wp\/v2\/types\/post"}],"author":[{"embeddable":true,"href":"https:\/\/hostnetart.com.br\/baixada\/wp-json\/wp\/v2\/users\/2"}],"replies":[{"embeddable":true,"href":"https:\/\/hostnetart.com.br\/baixada\/wp-json\/wp\/v2\/comments?post=16234"}],"version-history":[{"count":0,"href":"https:\/\/hostnetart.com.br\/baixada\/wp-json\/wp\/v2\/posts\/16234\/revisions"}],"wp:featuredmedia":[{"embeddable":true,"href":"https:\/\/hostnetart.com.br\/baixada\/wp-json\/wp\/v2\/media\/16233"}],"wp:attachment":[{"href":"https:\/\/hostnetart.com.br\/baixada\/wp-json\/wp\/v2\/media?parent=16234"}],"wp:term":[{"taxonomy":"category","embeddable":true,"href":"https:\/\/hostnetart.com.br\/baixada\/wp-json\/wp\/v2\/categories?post=16234"},{"taxonomy":"post_tag","embeddable":true,"href":"https:\/\/hostnetart.com.br\/baixada\/wp-json\/wp\/v2\/tags?post=16234"}],"curies":[{"name":"wp","href":"https:\/\/api.w.org\/{rel}","templated":true}]}}