{"id":16232,"date":"2025-03-18T16:21:42","date_gmt":"2025-03-18T19:21:42","guid":{"rendered":"https:\/\/hostnetart.com.br\/baixada\/saude-caixa-atividades-pedirao-adesao-a-abaixo-assinado\/"},"modified":"2025-03-18T16:21:42","modified_gmt":"2025-03-18T19:21:42","slug":"saude-caixa-atividades-pedirao-adesao-a-abaixo-assinado","status":"publish","type":"post","link":"https:\/\/hostnetart.com.br\/baixada\/saude-caixa-atividades-pedirao-adesao-a-abaixo-assinado\/","title":{"rendered":"Sa\u00fade Caixa: atividades pedir\u00e3o ades\u00e3o a abaixo-assinado"},"content":{"rendered":"<p>Sindicatos de banc\u00e1rios de todo o pa\u00eds realizar\u00e3o, de segunda a sexta-feira (17 a 21\/03), atividades em ag\u00eancias e departamentos administrativos da Caixa Econ\u00f4mica Federal para cobrar melhorias na rede de atendimento do Sa\u00fade Caixa e a queda do teto de custeio pelo banco com a sa\u00fade de suas empregadas e seus empregados. Os atos s\u00e3o parte da campanha \u201cQueremos Sa\u00fade, Caixa\u201d, que neste m\u00eas vai incentivar a\u00a0<a href=\"https:\/\/www.change.org\/p\/sa%C3%BAde-caixa-300-mil-vidas-pedem-aten%C3%A7%C3%A3o\" target=\"_blank\" rel=\"noopener noreferrer\">ades\u00e3o ao abaixo-assinado<\/a>\u00a0promovido pela Bete Moreira, uma empregada aposentada do banco, que milita voluntariamente em defesa do plano de sa\u00fade do pessoal da Caixa.<\/p>\n<p><strong>&gt;&gt;&gt;&gt;&gt;<\/strong>\u00a0<a href=\"https:\/\/contrafcut.com.br\/noticias\/campanha-queremos-saude-caixa-ganha-forca-na-luta-por-melhorias-no-plano-de-saude\/\" target=\"_blank\" rel=\"noopener noreferrer\">Saiba mais sobre a Bete Moreira<\/a><\/p>\n<p>\u201cQueremos que a Caixa melhore a qualidade da rede credenciada e quest\u00f5es operacionais do plano, para melhorar o atendimento aos usu\u00e1rios e prestadores de servi\u00e7os que atendem pelo Sa\u00fade Caixa. Al\u00e9m, \u00e9 claro, de alterar seu estatuto, para que o banco possa cumprir com o que define nosso Acordo Coletivo de Trabalho (ACT) sobre o custeio do Sa\u00fade Caixa\u201d, disse o diretor da Contraf-CUT e coordenador da Comiss\u00e3o Executiva dos Empregados (CEE) da Caixa, Rafael de Castro. \u201cE apoiamos todas as iniciativas que t\u00eam essa mesma reivindica\u00e7\u00e3o. Seja o abaixo-assinado da Bete, seja iniciativas de outras entidades ou agrupamentos. A ideia \u00e9 somar for\u00e7as\u201d, completou o coordenador da CEE, ao lembrar que o ACT do Sa\u00fade Caixa prev\u00ea que o banco arque com 70% dos custos do plano. Atualmente, devido ao teto de custeio, os empregados pagam quase 50% dos custos.<\/p>\n<h2><strong>A campanha<\/strong><\/h2>\n<p>A campanha \u201cQueremos Sa\u00fade, Caixa\u201d come\u00e7ou a ser realizada em fevereiro, quando os empregados foram incentivados a direcionar diretamente \u00e0 Central Sa\u00fade Caixa a reclama\u00e7\u00f5es que normalmente s\u00e3o feitas aos sindicatos.<\/p>\n<p>\u201cO objetivo foi deixar claro para os respons\u00e1veis pela administra\u00e7\u00e3o do Sa\u00fade Caixa, que as reclama\u00e7\u00f5es que repassamos \u00e9 uma demanda que vem das ag\u00eancias e departamentos da Caixa, n\u00e3o das entidades de representa\u00e7\u00e3o sindical\u201d, explicou a empregada da Caixa e secret\u00e1ria de Forma\u00e7\u00e3o da Contraf-CUT, Eliana Brasil, sem deixar de ressaltar que o Sa\u00fade Caixa \u00e9 uma das maiores conquistas dos trabalhadores do banco e que o plano de sa\u00fade tem diversas coberturas que os planos de sa\u00fade de marcado n\u00e3o t\u00eam. \u201cEsta campanha est\u00e1 sendo realizada porque defendemos o Sa\u00fade Caixa e n\u00e3o queremos que ele seja precarizado e se torne um plano como outro qualquer do mercado\u201d, completou a diretora da Contraf-CUT.<\/p>\n<p><strong>&gt;&gt;&gt;&gt;&gt;<\/strong>\u00a0<a href=\"https:\/\/contrafcut.com.br\/noticias\/campanha-queremos-saude-caixa-e-um-sucesso-entre-os-empregados\/\" target=\"_blank\" rel=\"noopener noreferrer\">Campanha &#8220;Queremos Sa\u00fade, Caixa&#8221; \u00e9 um sucesso entre os empregados<\/a><\/p>\n<p>Do total de chamadas recebidas pela Central Sa\u00fade Caixa no dia 20 de fevereiro, quando foi realizada a a\u00e7\u00e3o, 54% pediam que a Caixa arque com um percentual maior do custo do plano. Outros 39% das chamadas est\u00e3o relacionadas \u00e0 melhoria da rede credenciada.<\/p>\n<p><strong>&gt;&gt;&gt;&gt;&gt;<\/strong>\u00a0<a href=\"https:\/\/contrafcut.com.br\/noticias\/saude-caixa-usuarios-querem-fim-do-teto-de-custeio\/\" target=\"_blank\" rel=\"noopener noreferrer\">Sa\u00fade Caixa: usu\u00e1rios querem fim do teto de custeio e melhorias na qualidade de atendimento<\/a><\/p>\n<h2><strong>Pra melhorar<\/strong><\/h2>\n<p>Para Eliana, a defesa do Sa\u00fade Caixa passa pela melhoria da rede credenciada do plano, principalmente em cidades mais afastadas dos grandes centros financeiros do pa\u00eds e em bairros das periferias das grandes cidades. Passa tamb\u00e9m pela conten\u00e7\u00e3o dos aumentos das mensalidades, uma vez que os valores cobrados t\u00eam impedido que muitos trabalhadores, principalmente aposentados, consigam pagar os valores e os levem a abdicar do direito ao plano de sa\u00fade do banco.<\/p>\n<p>\u201cAgradecemos o engajamento das empregadas e empregados em fevereiro. Gra\u00e7as \u00e0 contribui\u00e7\u00e3o de todas e todos, conseguimos que, em apenas um dia, fossem registradas in\u00fameras chamadas na Central Sa\u00fade Caixa\u201d, lembrou Rafael. \u201cE, mais uma vez, contamos com a participa\u00e7\u00e3o de todo o pessoal da Caixa e com o apoio das entidades sindicais e seus dirigentes para o sucesso das atividades deste m\u00eas e a continuidade da campanha, que ser\u00e1 mantida at\u00e9 que haja a melhoria do atendimento e a revis\u00e3o do teto de custeio\u201d, completou.<\/p>\n<p>Neste m\u00eas de mar\u00e7o, as atividades devem ser realizadas na semana do dia 20, entre os dias 17 e 21. \u201cA defini\u00e7\u00e3o do dia 20 se deu porque \u00e9 quando os empregados recebem seus holerites e veem o valor descontado pelo plano de sa\u00fade\u201d, explicou o coordenador da CEE.<\/p>\n<p><strong>Fonte: Contraf-CUT<\/strong><\/p>\n","protected":false},"excerpt":{"rendered":"<p>Sindicatos de banc\u00e1rios de todo o pa\u00eds realizar\u00e3o, de segunda a sexta-feira (17 a 21\/03), atividades em ag\u00eancias e departamentos administrativos da Caixa Econ\u00f4mica Federal para cobrar melhorias na rede de atendimento do Sa\u00fade Caixa e a queda do teto de custeio pelo banco com a sa\u00fade de suas empregadas e seus empregados. Os atos [&hellip;]<\/p>\n","protected":false},"author":2,"featured_media":16231,"comment_status":"","ping_status":"","sticky":false,"template":"","format":"standard","meta":{"footnotes":""},"categories":[3],"tags":[],"class_list":["post-16232","post","type-post","status-publish","format-standard","has-post-thumbnail","hentry","category-noticias"],"_links":{"self":[{"href":"https:\/\/hostnetart.com.br\/baixada\/wp-json\/wp\/v2\/posts\/16232","targetHints":{"allow":["GET"]}}],"collection":[{"href":"https:\/\/hostnetart.com.br\/baixada\/wp-json\/wp\/v2\/posts"}],"about":[{"href":"https:\/\/hostnetart.com.br\/baixada\/wp-json\/wp\/v2\/types\/post"}],"author":[{"embeddable":true,"href":"https:\/\/hostnetart.com.br\/baixada\/wp-json\/wp\/v2\/users\/2"}],"replies":[{"embeddable":true,"href":"https:\/\/hostnetart.com.br\/baixada\/wp-json\/wp\/v2\/comments?post=16232"}],"version-history":[{"count":0,"href":"https:\/\/hostnetart.com.br\/baixada\/wp-json\/wp\/v2\/posts\/16232\/revisions"}],"wp:featuredmedia":[{"embeddable":true,"href":"https:\/\/hostnetart.com.br\/baixada\/wp-json\/wp\/v2\/media\/16231"}],"wp:attachment":[{"href":"https:\/\/hostnetart.com.br\/baixada\/wp-json\/wp\/v2\/media?parent=16232"}],"wp:term":[{"taxonomy":"category","embeddable":true,"href":"https:\/\/hostnetart.com.br\/baixada\/wp-json\/wp\/v2\/categories?post=16232"},{"taxonomy":"post_tag","embeddable":true,"href":"https:\/\/hostnetart.com.br\/baixada\/wp-json\/wp\/v2\/tags?post=16232"}],"curies":[{"name":"wp","href":"https:\/\/api.w.org\/{rel}","templated":true}]}}