{"id":16230,"date":"2025-03-18T14:42:46","date_gmt":"2025-03-18T17:42:46","guid":{"rendered":"https:\/\/hostnetart.com.br\/baixada\/movimento-sindical-segue-na-luta-contra-cobrancas-da-cassi-e-reforca-orientacao-para-nao-adesao\/"},"modified":"2025-03-18T14:42:46","modified_gmt":"2025-03-18T17:42:46","slug":"movimento-sindical-segue-na-luta-contra-cobrancas-da-cassi-e-reforca-orientacao-para-nao-adesao","status":"publish","type":"post","link":"https:\/\/hostnetart.com.br\/baixada\/movimento-sindical-segue-na-luta-contra-cobrancas-da-cassi-e-reforca-orientacao-para-nao-adesao\/","title":{"rendered":"Movimento Sindical segue na luta contra cobran\u00e7as da Cassi e refor\u00e7a orienta\u00e7\u00e3o para n\u00e3o ades\u00e3o"},"content":{"rendered":"<p>\u00a0<\/p>\n<p>A Confedera\u00e7\u00e3o Nacional dos Trabalhadores do Ramo Financeiro (Contraf-CUT) participou, na manh\u00e3 desta segunda-feira (17), em Bras\u00edlia, da primeira audi\u00eancia do processo judicial movido contra a Caixa de Assist\u00eancia dos Funcion\u00e1rios do Banco do Brasil (Cassi). A a\u00e7\u00e3o busca a suspens\u00e3o das cobran\u00e7as feitas pela entidade relativas a valores devidos entre julho de 2010 e setembro de 2023. No entanto, a audi\u00eancia foi prejudicada pela decis\u00e3o da ju\u00edza de se declarar suspeita para julgar o caso, o que levou ao adiamento da discuss\u00e3o.<\/p>\n<p>Durante a sess\u00e3o, a ju\u00edza questionou a possibilidade de um acordo entre as partes. A Contraf-CUT se mostrou aberta \u00e0 negocia\u00e7\u00e3o, mas ponderou se a representante da Cassi presente na audi\u00eancia possu\u00eda autonomia para apresentar uma proposta. A resposta foi negativa, o que evidenciou a falta de inten\u00e7\u00e3o da Cassi em buscar uma solu\u00e7\u00e3o dialogada para o impasse.<\/p>\n<p>Diante desse cen\u00e1rio, a Contraf-CUT refor\u00e7a a orienta\u00e7\u00e3o para que os banc\u00e1rios e banc\u00e1rias n\u00e3o aceitem a proposta de cobran\u00e7a da Cassi. &#8220;Infelizmente, a ju\u00edza do trabalho se declarou suspeita apenas durante a audi\u00eancia, o que resultou em um desperd\u00edcio de tempo para todos os envolvidos. Por outro lado, ficou evidente que a Cassi sequer se preocupou em enviar um representante com poderes de negocia\u00e7\u00e3o, o que refor\u00e7a sua postura unilateral e intransigente&#8221;, afirmou Gustavo Tabatinga Jr., secret\u00e1rio-geral da Contraf-CUT.<\/p>\n<p>Tabatinga destacou que a a\u00e7\u00e3o movida pela Contraf-CUT visa justamente proteger os trabalhadores e evitar que milhares de associados tenham que recorrer individualmente \u00e0 Justi\u00e7a para buscar seus direitos. &#8220;Em vez de gerar uma avalanche de processos contra a Cassi, que poderiam prejudicar ainda mais a institui\u00e7\u00e3o, a Contraf-CUT assumiu a responsabilidade e entrou com uma a\u00e7\u00e3o coletiva. Estamos lutando para que essa cobran\u00e7a seja suspensa e para que haja um debate justo e transparente sobre a quest\u00e3o&#8221;, afirmou.<\/p>\n<p>A Contraf-CUT segue acompanhando o processo e reafirma seu compromisso com a defesa dos direitos dos trabalhadores do Banco do Brasil, garantindo que a categoria n\u00e3o seja penalizada por erros administrativos do passado.<\/p>\n<p><strong>Fonte: Contraf-CUT<\/strong><\/p>\n<p>\u00a0<\/p>\n<p>\u00a0<\/p>\n","protected":false},"excerpt":{"rendered":"<p>\u00a0 A Confedera\u00e7\u00e3o Nacional dos Trabalhadores do Ramo Financeiro (Contraf-CUT) participou, na manh\u00e3 desta segunda-feira (17), em Bras\u00edlia, da primeira audi\u00eancia do processo judicial movido contra a Caixa de Assist\u00eancia dos Funcion\u00e1rios do Banco do Brasil (Cassi). A a\u00e7\u00e3o busca a suspens\u00e3o das cobran\u00e7as feitas pela entidade relativas a valores devidos entre julho de 2010 [&hellip;]<\/p>\n","protected":false},"author":2,"featured_media":16229,"comment_status":"","ping_status":"","sticky":false,"template":"","format":"standard","meta":{"footnotes":""},"categories":[3],"tags":[],"class_list":["post-16230","post","type-post","status-publish","format-standard","has-post-thumbnail","hentry","category-noticias"],"_links":{"self":[{"href":"https:\/\/hostnetart.com.br\/baixada\/wp-json\/wp\/v2\/posts\/16230","targetHints":{"allow":["GET"]}}],"collection":[{"href":"https:\/\/hostnetart.com.br\/baixada\/wp-json\/wp\/v2\/posts"}],"about":[{"href":"https:\/\/hostnetart.com.br\/baixada\/wp-json\/wp\/v2\/types\/post"}],"author":[{"embeddable":true,"href":"https:\/\/hostnetart.com.br\/baixada\/wp-json\/wp\/v2\/users\/2"}],"replies":[{"embeddable":true,"href":"https:\/\/hostnetart.com.br\/baixada\/wp-json\/wp\/v2\/comments?post=16230"}],"version-history":[{"count":0,"href":"https:\/\/hostnetart.com.br\/baixada\/wp-json\/wp\/v2\/posts\/16230\/revisions"}],"wp:featuredmedia":[{"embeddable":true,"href":"https:\/\/hostnetart.com.br\/baixada\/wp-json\/wp\/v2\/media\/16229"}],"wp:attachment":[{"href":"https:\/\/hostnetart.com.br\/baixada\/wp-json\/wp\/v2\/media?parent=16230"}],"wp:term":[{"taxonomy":"category","embeddable":true,"href":"https:\/\/hostnetart.com.br\/baixada\/wp-json\/wp\/v2\/categories?post=16230"},{"taxonomy":"post_tag","embeddable":true,"href":"https:\/\/hostnetart.com.br\/baixada\/wp-json\/wp\/v2\/tags?post=16230"}],"curies":[{"name":"wp","href":"https:\/\/api.w.org\/{rel}","templated":true}]}}