{"id":16228,"date":"2025-03-13T17:45:57","date_gmt":"2025-03-13T20:45:57","guid":{"rendered":"https:\/\/hostnetart.com.br\/baixada\/confira-as-datas-das-primeiras-feijoadas-dos-bancarios-em-2025\/"},"modified":"2025-03-13T17:45:57","modified_gmt":"2025-03-13T20:45:57","slug":"confira-as-datas-das-primeiras-feijoadas-dos-bancarios-em-2025","status":"publish","type":"post","link":"https:\/\/hostnetart.com.br\/baixada\/confira-as-datas-das-primeiras-feijoadas-dos-bancarios-em-2025\/","title":{"rendered":"Confira as datas das primeiras Feijoadas dos Banc\u00e1rios em 2025"},"content":{"rendered":"<p><span style=\"white-space: pre-wrap;\">A not\u00edcia que todas e todos esperavam!<\/span><\/p>\n<p><span style=\"white-space: pre-wrap;\">J\u00e1 temos as datas das primeiras feijoadas de 2025 do Sindicato dos Banc\u00e1rios da Baixada Fluminense, que ocorrem neste m\u00eas de mar\u00e7o:<\/span><\/p>\n<p><strong><span style=\"white-space: pre-wrap;\">21\/3 \u2013 Nova Igua\u00e7u (sexta-feira)<\/span><\/strong><br \/><strong><span style=\"white-space: pre-wrap;\">27\/3 \u2013 Duque de Caxias (quinta-feira)<\/span><\/strong><\/p>\n<p><span style=\"white-space: pre-wrap;\">Esperamos voc\u00eas!<\/span><\/p>\n","protected":false},"excerpt":{"rendered":"<p>A not\u00edcia que todas e todos esperavam! J\u00e1 temos as datas das primeiras feijoadas de 2025 do Sindicato dos Banc\u00e1rios da Baixada Fluminense, que ocorrem neste m\u00eas de mar\u00e7o: 21\/3 \u2013 Nova Igua\u00e7u (sexta-feira)27\/3 \u2013 Duque de Caxias (quinta-feira) Esperamos voc\u00eas!<\/p>\n","protected":false},"author":2,"featured_media":16227,"comment_status":"","ping_status":"","sticky":false,"template":"","format":"standard","meta":{"footnotes":""},"categories":[3],"tags":[],"class_list":["post-16228","post","type-post","status-publish","format-standard","has-post-thumbnail","hentry","category-noticias"],"_links":{"self":[{"href":"https:\/\/hostnetart.com.br\/baixada\/wp-json\/wp\/v2\/posts\/16228","targetHints":{"allow":["GET"]}}],"collection":[{"href":"https:\/\/hostnetart.com.br\/baixada\/wp-json\/wp\/v2\/posts"}],"about":[{"href":"https:\/\/hostnetart.com.br\/baixada\/wp-json\/wp\/v2\/types\/post"}],"author":[{"embeddable":true,"href":"https:\/\/hostnetart.com.br\/baixada\/wp-json\/wp\/v2\/users\/2"}],"replies":[{"embeddable":true,"href":"https:\/\/hostnetart.com.br\/baixada\/wp-json\/wp\/v2\/comments?post=16228"}],"version-history":[{"count":0,"href":"https:\/\/hostnetart.com.br\/baixada\/wp-json\/wp\/v2\/posts\/16228\/revisions"}],"wp:featuredmedia":[{"embeddable":true,"href":"https:\/\/hostnetart.com.br\/baixada\/wp-json\/wp\/v2\/media\/16227"}],"wp:attachment":[{"href":"https:\/\/hostnetart.com.br\/baixada\/wp-json\/wp\/v2\/media?parent=16228"}],"wp:term":[{"taxonomy":"category","embeddable":true,"href":"https:\/\/hostnetart.com.br\/baixada\/wp-json\/wp\/v2\/categories?post=16228"},{"taxonomy":"post_tag","embeddable":true,"href":"https:\/\/hostnetart.com.br\/baixada\/wp-json\/wp\/v2\/tags?post=16228"}],"curies":[{"name":"wp","href":"https:\/\/api.w.org\/{rel}","templated":true}]}}