{"id":16226,"date":"2025-03-13T17:45:12","date_gmt":"2025-03-13T20:45:12","guid":{"rendered":"https:\/\/hostnetart.com.br\/baixada\/aposentados-do-itau-reforcam-luta-contra-aumentos-abusivos-no-plano-de-saude\/"},"modified":"2025-03-13T17:45:12","modified_gmt":"2025-03-13T20:45:12","slug":"aposentados-do-itau-reforcam-luta-contra-aumentos-abusivos-no-plano-de-saude","status":"publish","type":"post","link":"https:\/\/hostnetart.com.br\/baixada\/aposentados-do-itau-reforcam-luta-contra-aumentos-abusivos-no-plano-de-saude\/","title":{"rendered":"Aposentados do Ita\u00fa refor\u00e7am luta contra aumentos abusivos no plano de sa\u00fade"},"content":{"rendered":"<p>A luta dos aposentados do Ita\u00fa em defesa de um plano de sa\u00fade digno e contra os aumentos abusivos dos valores das mensalidades, que afetam aqueles que dedicaram toda uma vida ao banco, segue firme e forte. Em mais um cap\u00edtulo dessa batalha, a Confedera\u00e7\u00e3o Nacional dos Trabalhadores do Ramo Financeiro (Contraf-CUT) e o Sindicato dos Banc\u00e1rios de S\u00e3o Paulo participaram, na tarde de ter\u00e7a-feira (11), de uma audi\u00eancia no Minist\u00e9rio P\u00fablico do Trabalho (MPT) de S\u00e3o Paulo, com o objetivo de discutir os impactos da extin\u00e7\u00e3o do per\u00edodo de manuten\u00e7\u00e3o da contribui\u00e7\u00e3o do banco ao plano de sa\u00fade dos aposentados.<\/p>\n<p>Durante a audi\u00eancia, os representantes dos aposentados apresentaram todo o hist\u00f3rico das negocia\u00e7\u00f5es e reafirmaram suas reivindica\u00e7\u00f5es. Na sequ\u00eancia, o promotor que conduziu o processo tentou, sem sucesso, que o Ita\u00fa apresentasse uma proposta concreta. Mais uma vez, o banco se negou a apresentar qualquer solu\u00e7\u00e3o ou a negociar diretamente com o movimento dos aposentados.<\/p>\n<p>Diante da postura inflex\u00edvel do banco, o procurador do MPT decidiu encerrar o processo e encaminhar uma nova den\u00fancia contra o Ita\u00fa, que ser\u00e1 avaliada pelo Minist\u00e9rio P\u00fablico. Al\u00e9m disso, o promotor posicionou o movimento sindical a aderir a uma a\u00e7\u00e3o que j\u00e1 tramita na Justi\u00e7a do Trabalho (CCR), em Bras\u00edlia, contra o banco.<\/p>\n<p>Em sua declara\u00e7\u00e3o, Jair Alves, diretor da Contraf-CUT, afirmou: &#8220;Os aposentados do Ita\u00fa n\u00e3o v\u00e3o desistir. Continuaremos nossa mobiliza\u00e7\u00e3o at\u00e9 que consigamos garantir melhorias no plano de sa\u00fade e que o banco assuma sua responsabilidade com aqueles que, durante tantos anos, ajudaram a construir sua hist\u00f3ria.&#8221;<\/p>\n<p><strong>Fonte: Contraf-CUT<\/strong><\/p>\n","protected":false},"excerpt":{"rendered":"<p>A luta dos aposentados do Ita\u00fa em defesa de um plano de sa\u00fade digno e contra os aumentos abusivos dos valores das mensalidades, que afetam aqueles que dedicaram toda uma vida ao banco, segue firme e forte. Em mais um cap\u00edtulo dessa batalha, a Confedera\u00e7\u00e3o Nacional dos Trabalhadores do Ramo Financeiro (Contraf-CUT) e o Sindicato [&hellip;]<\/p>\n","protected":false},"author":2,"featured_media":16225,"comment_status":"","ping_status":"","sticky":false,"template":"","format":"standard","meta":{"footnotes":""},"categories":[3],"tags":[],"class_list":["post-16226","post","type-post","status-publish","format-standard","has-post-thumbnail","hentry","category-noticias"],"_links":{"self":[{"href":"https:\/\/hostnetart.com.br\/baixada\/wp-json\/wp\/v2\/posts\/16226","targetHints":{"allow":["GET"]}}],"collection":[{"href":"https:\/\/hostnetart.com.br\/baixada\/wp-json\/wp\/v2\/posts"}],"about":[{"href":"https:\/\/hostnetart.com.br\/baixada\/wp-json\/wp\/v2\/types\/post"}],"author":[{"embeddable":true,"href":"https:\/\/hostnetart.com.br\/baixada\/wp-json\/wp\/v2\/users\/2"}],"replies":[{"embeddable":true,"href":"https:\/\/hostnetart.com.br\/baixada\/wp-json\/wp\/v2\/comments?post=16226"}],"version-history":[{"count":0,"href":"https:\/\/hostnetart.com.br\/baixada\/wp-json\/wp\/v2\/posts\/16226\/revisions"}],"wp:featuredmedia":[{"embeddable":true,"href":"https:\/\/hostnetart.com.br\/baixada\/wp-json\/wp\/v2\/media\/16225"}],"wp:attachment":[{"href":"https:\/\/hostnetart.com.br\/baixada\/wp-json\/wp\/v2\/media?parent=16226"}],"wp:term":[{"taxonomy":"category","embeddable":true,"href":"https:\/\/hostnetart.com.br\/baixada\/wp-json\/wp\/v2\/categories?post=16226"},{"taxonomy":"post_tag","embeddable":true,"href":"https:\/\/hostnetart.com.br\/baixada\/wp-json\/wp\/v2\/tags?post=16226"}],"curies":[{"name":"wp","href":"https:\/\/api.w.org\/{rel}","templated":true}]}}