{"id":16210,"date":"2025-03-07T20:25:59","date_gmt":"2025-03-07T23:25:59","guid":{"rendered":"https:\/\/hostnetart.com.br\/baixada\/mulheres-tomam-as-ruas-neste-8-de-marco-construindo-o-futuro-com-igualdade\/"},"modified":"2025-03-07T20:25:59","modified_gmt":"2025-03-07T23:25:59","slug":"mulheres-tomam-as-ruas-neste-8-de-marco-construindo-o-futuro-com-igualdade","status":"publish","type":"post","link":"https:\/\/hostnetart.com.br\/baixada\/mulheres-tomam-as-ruas-neste-8-de-marco-construindo-o-futuro-com-igualdade\/","title":{"rendered":"Mulheres tomam as ruas neste 8 de mar\u00e7o: \u201cConstruindo o Futuro com Igualdade\u201d"},"content":{"rendered":"<\/p>\n<p>Em alus\u00e3o ao <strong>Dia Internacional da Mulher<\/strong>, as banc\u00e1rias se unem a diversos movimentos sociais trabalhistas para protestos no pa\u00eds inteiro, neste s\u00e1bado, 8 de mar\u00e7o, com o mote <strong>\u201cConstruindo o Futuro com Igualdade\u201d<\/strong>. Confira os locais de concentra\u00e7\u00e3o no final desta mat\u00e9ria.<\/p>\n<p>&#8220;Com o mote deste ano, queremos <strong>c<\/strong><strong>hamar a aten\u00e7\u00e3o tanto para a trajet\u00f3ria das que nos precederam quanto para o futuro que precisamos construir hoje afim de alcan\u00e7ar a igualdade de g\u00eanero<\/strong>. A luta que produzimos at\u00e9 hoje \u00e9 importante porque fez com que conquist\u00e1ssemos direitos e avan\u00e7os sociais. Basta lembrarmos que n\u00e3o faz muito tempo, na hist\u00f3ria, que as mulheres n\u00e3o podiam votar, estudar e nem escolher com quem casar\u201d, explica <strong>Juvandia Moreira,<\/strong> presidenta da Confedera\u00e7\u00e3o Nacional das Trabalhadoras e dos Trabalhadores do Ramo Financeiro (Contraf-CUT) e vice-presidenta da Central \u00danica dos Trabalhadores (CUT).<\/p>\n<p>\u201cMas, olhando para hoje, temos muito a avan\u00e7ar, como a alcan\u00e7ar igualdade salarial ( mulheres ainda ganham, em m\u00e9dia, 20% menos que os homens), igualdade de oportunidade e ascens\u00e3o no mercado de trabalho e melhor cargos pol\u00edticos, al\u00e9m do fim da viol\u00eancia de g\u00eanero, porque os \u00edndices de feminic\u00eddios no Brasil seguem vergonhosos\u201d, completa a dirigente.<\/p>\n<p><strong>As bandeiras de luta nortear\u00e3o a participa\u00e7\u00e3o dos atos da trabalhadoras neste ano s\u00e3o:<\/strong><\/p>\n<p>\u2022 Redu\u00e7\u00e3o da Jornada de Trabalho Sem Redu\u00e7\u00e3o de Sal\u00e1rio<br \/>\u2022 Sal\u00e1rio Igual para trabalho Igual<br \/>\u2022 Ratifica\u00e7\u00e3o da Conven\u00e7\u00e3o 190 da OIT<br \/>\u2022 Liberdade, igualdade e autonomia das mulheres<br \/>\u2022 Em defesa da democracia, sem anistia para golpistas<br \/>\u2022 Combate ao racismo e toda forma de discrimina\u00e7\u00e3o \u00e0s mulheres<br \/>\u2022 Em defesa do trabalho decente e emprego com garantia dos direitos e conquistas<br \/>\u2022 Amplia\u00e7\u00e3o da Licen\u00e7a-Maternidade para 6 meses<br \/>\u2022 Justi\u00e7a Clim\u00e1tica e Reprodutiva<br \/>\u2022 Pol\u00edtica de Cuidado<br \/>\u2022 Sa\u00fade da Mulher<br \/>\u2022 Fim das privatiza\u00e7\u00f5es e terceiriza\u00e7\u00f5es<br \/>\u2022 Inclus\u00e3o e Pol\u00edticas \u00e0s M\u00e3es At\u00edpicas<\/p>\n<h2>Papel das banc\u00e1rias nos avan\u00e7os<\/h2>\n<p><strong>\u201cN\u00f3s temos muito o que comemorar neste Dia Internacional da Mulher<\/strong>\u201d. Essa \u00e9 a afirma\u00e7\u00e3o de uma das figuras mais emblem\u00e1ticas da luta por direitos dentro dos bancos, <strong>Ana Elizabete Mota, <\/strong>a primeira concursada a tomar posse na Ag\u00eancia Centro do Banco do Brasil (BB), em Natal, no Rio Grande do Norte, na d\u00e9cada de 70. \u00a0<\/p>\n<p>O 8 de mar\u00e7o foi o dia estabelecido pela Organiza\u00e7\u00e3o das Na\u00e7\u00f5es Unidas (ONU), em 1975, para celebrar os direitos b\u00e1sicos conquistados pelas mulheres. <strong>A data tem origem nas manifesta\u00e7\u00f5es oper\u00e1rias<\/strong>, como os protestos de trabalhadoras t\u00eaxteis nos Estados Unidos, em 1857, e a greve das oper\u00e1rias russas em 1917, que marcou o in\u00edcio da Revolu\u00e7\u00e3o Russa.<\/p>\n<p>Contudo, <strong>no Brasil, foi em grande parte a organiza\u00e7\u00e3o das trabalhadoras banc\u00e1rias que marcou a hist\u00f3ria<\/strong> com uma s\u00e9rie de avan\u00e7os trabalhistas e sociais para tornar o 8 de mar\u00e7o n\u00e3o s\u00f3 uma data de reivindica\u00e7\u00f5es dessa luta cont\u00ednua, mas de contempla\u00e7\u00e3o e defesa dessas conquistas. Mota, que hoje pede comemora\u00e7\u00e3o, tamb\u00e9m clama pela prote\u00e7\u00e3o de tantos direitos j\u00e1 conquistados.<\/p>\n<p>\u201cViver duas gera\u00e7\u00f5es: o \u2018banc\u00e3o\u2019 e banco comercial, que \u00e9 hoje o Banco do Brasil, viver a ditadura, viver a democracia, viver o sindicalismo pelego e viver o sindicalismo combativo, viver a democratiza\u00e7\u00e3o e a autocracia das entidades assistenciais e outras \u00e9 algo absolutamente fant\u00e1stico. N\u00f3s temos muito o que comemorar nesse Dia das Mulheres porque n\u00f3s banc\u00e1rias somos tamb\u00e9m protagonistas (&#8230;) <strong>Mas, hoje, n\u00f3s corremos outro risco que \u00e9 de regress\u00e3o, mas as conquistas foram e s\u00e3o muito importantes<\/strong>\u201d, declarou Ana Elizabete, atualmente Doutora em Assist\u00eancia Social e que tamb\u00e9m foi a primeira mulher eleita da Previ, a caixa de previd\u00eancia dos Funcion\u00e1rios do BB.<\/p>\n<p><strong>\u201cAo longo desses 20 anos, conquistamos importantes vit\u00f3rias \u00e0s mulheres na Conven\u00e7\u00e3o Coletiva de Trabalho (CCT) e que hoje s\u00e3o refer\u00eancia para outras categoriais\u201d<\/strong>, completa <strong>Fernanda Lopes<\/strong>, secret\u00e1ria da Mulher da Contraf-CUT. \u201cAtualmente, 90% das cl\u00e1usulas da CCT dos banc\u00e1rios s\u00e3o superiores \u00e0 lei, ou seja, inova\u00e7\u00f5es. Isso faz com que o acordo dos banc\u00e1rios continue sendo refer\u00eancia para as demais categorias\u201d, pontua.<\/p>\n<p>Entre as principais conquistas das banc\u00e1rias na CCT, voltadas \u00e0s mulheres, est\u00e3o:<\/p>\n<p><strong>\u2022 2000: <\/strong>inclus\u00e3o do tema igualdade de oportunidade nas mesas de negocia\u00e7\u00e3o<br \/><strong>\u2022 2009:<\/strong> licen\u00e7a-maternidade de 180 dias e extens\u00e3o de direitos aos casais homoafetivos<br \/><strong>\u2022 2010: <\/strong>inclus\u00e3o da cl\u00e1usula que criou o programa de combate ao ass\u00e9dio moral<br \/><strong>\u2022 2016: <\/strong>licen\u00e7a-paternidade de 20 dias<br \/><strong>\u2022 2020: <\/strong>programa de preven\u00e7\u00e3o \u00e0 viol\u00eancia dom\u00e9stica e familiar contra banc\u00e1rias, incluindo a cria\u00e7\u00e3o de canais de acolhimento, orienta\u00e7\u00e3o e aux\u00edlio \u00e0s mulheres em situa\u00e7\u00e3o de viol\u00eancia dom\u00e9stica e familiar<br \/><strong>\u2022 2022: <\/strong>cl\u00e1usula que criou o programa de combate ao ass\u00e9dio sexual<br \/><strong>\u2022 2024:<\/strong> conquista cl\u00e1usula que garante mais de 3 mil bolsas de estudo para mulheres na TI; e cria\u00e7\u00e3o da <a href=\"https:\/\/contrafcut.com.br\/noticias\/bancarios-cobram-efetividade-de-canais-de-denuncia-contra-violencia-no-trabalho\/\" target=\"_blank\" rel=\"noopener noreferrer\">\u201cNegocia\u00e7\u00e3o Nacional sobre Ass\u00e9dio Moral, Sexual e Outras Formas de Viol\u00eancia no Trabalho Banc\u00e1rio\u201d<\/a> e que resultou em novas cl\u00e1usulas na CCT para enfrentar os temas.<\/p>\n<p>Para Fernanda Lopes, relatos como o de Mota s\u00e3o necess\u00e1rios para inspirar e nortear as novas trabalhadoras banc\u00e1rias na luta. <strong>\u201cAlgumas vezes temos dificuldade em entender que todas as nossas conquistas s\u00e3o t\u00e3o recentes e tamb\u00e9m t\u00e3o f\u00e1ceis de serem retiradas. <\/strong>\u00c9 preciso materializar essas hist\u00f3rias e as conquistas da categoria banc\u00e1ria para entender como essa luta impacta n\u00e3o s\u00f3 na vida das banc\u00e1rias mas tamb\u00e9m de mulheres de tantos outros setores\u201d.<\/p>\n<h2>Viol\u00eancia N\u00c3O!<\/h2>\n<p>Al\u00e9m das quest\u00f5es trabalhistas, outro ponto de destaque na luta das banc\u00e1rias \u00e9 a atua\u00e7\u00e3o contra viol\u00eancia dom\u00e9stica e familiar, al\u00e9m do combate ao ass\u00e9dio moral e sexual.<\/p>\n<p>Em 2019, a partir da reflex\u00e3o sobre as falhas na aplica\u00e7\u00e3o do importante instrumento que \u00e9 a Lei Maria da Penha, a categoria criou o projeto <strong>\u201cBasta! N\u00e3o ir\u00e3o nos calar!\u201d<\/strong>, que oferece atendimento jur\u00eddico humanizado, com a prepara\u00e7\u00e3o das equipes para que, a partir da perspectiva de g\u00eanero, sejam oferecidos caminhos jur\u00eddicos aplic\u00e1veis a cada caso, sem reprodu\u00e7\u00e3o de estere\u00f3tipos de g\u00eanero, sem culpabilizar ou revitimizar a mulher em situa\u00e7\u00e3o de viol\u00eancia dom\u00e9stica.<\/p>\n<p>Atualmente, o Basta \u00e9 <a href=\"https:\/\/contrafcut.com.br\/noticias\/basta-ganha-novo-canal-de-assessoria-juridica-as-mulheres-vitimas-de-violencia\/\" target=\"_blank\" rel=\"noopener noreferrer\">realizado por 14 sindicatos espalhados nas cinco regi\u00f5es do pa\u00eds<\/a>, que representam trabalhadoras de 532 cidades, e segue em constante amplia\u00e7\u00e3o.<\/p>\n<p>J\u00e1 o <a href=\"https:\/\/contrafcut.com.br\/noticias\/programa-de-prevencao-a-violencia-de-genero-marca-avanco-no-historico-de-lutas-da-categoria\/\" target=\"_blank\" rel=\"noopener noreferrer\">Programa Nacional de Preven\u00e7\u00e3o \u00e0 Viol\u00eancia contra as Mulheres<\/a>, lan\u00e7ado em abril de 2023 pelos bancos, por exig\u00eancia das trabalhadoras, tamb\u00e9m foi um marco hist\u00f3rico nesta luta da categoria banc\u00e1ria.<\/p>\n<p>A inclus\u00e3o de um cap\u00edtulo inteiro, <a href=\"https:\/\/contrafcut.com.br\/noticias\/trabalhadores-assinam-cct-e-act-do-bb-com-vigencia-ate-2026\/\" target=\"_blank\" rel=\"noopener noreferrer\">na \u00faltima renova\u00e7\u00e3o da CCT, em 2024<\/a>, chamada \u201cCombate ao Ass\u00e9dio Moral, Sexual e Outras Formas de Viol\u00eancia no Trabalho Banc\u00e1rio\u201d, foi mais um passo nesta jornada de luta das mulheres banc\u00e1rias.<\/p>\n<h2>Mais mulheres na TI<\/h2>\n<p>Fernanda Lopes destaca ainda outro avan\u00e7o recente comemorado pelas banc\u00e1rias neste 8 de mar\u00e7o, que \u00e9 a <strong>cria\u00e7\u00e3o de bolsas de estudo para mulheres se profissionalizarem nas \u00e1reas de Tecnologia da Informa\u00e7\u00e3o<\/strong>.<\/p>\n<p>\u201cNesta segunda-feira, 10, vamos divulgar oficialmente os links para as inscri\u00e7\u00f5es. S\u00e3o cursos gratuitos e que as candidatas n\u00e3o precisam ter conhecimento pr\u00e9vio de TI para iniciar. Ser\u00e3o ao todo 3.100 bolsas, pagas pelos bancos, em duas escolas especializadas na forma\u00e7\u00e3o de mulheres, com o foco em mulheres negras, LGBTQIA+, m\u00e3es e respons\u00e1veis e mulheres trans e travestis\u201d, conclui a dirigente sindical.<\/p>\n<h2>Locais de concentra\u00e7\u00f5es pelo pa\u00eds<\/h2>\n<p><strong>Alagoas<\/strong><br \/>Macei\u00f3 &#8211; Avenida Am\u00e9lia Rosa, Juti\u00faca &#8211; 9h<br \/>Macei\u00f3 &#8211; Macei\u00f3 Shopping &#8211; 9h<br \/>\u00a0<br \/><strong>Amazonas<\/strong><br \/>Manaus \u2013 Pra\u00e7a Rel\u00f3gio \u2013 15h<br \/>Parintins \u2013 Pra\u00e7a Catedral N. Sra. Do Carmo \u2013 7h30<br \/><strong>\u00a0<br \/>Bahia<\/strong><br \/>Salvador \u2013 Concentra\u00e7\u00e3o \u00e0s 14h, no Cristo da Barra.<br \/><strong>\u00a0<br \/>Cear\u00e1<\/strong><br \/>Fortaleza &#8211; Pra\u00e7a da Bandeira &#8211; 8h<br \/>Pedra Branca &#8211; Pra\u00e7a da Matriz &#8211; 8h<br \/><strong>\u00a0<br \/>Distrito Federal<\/strong><br \/>Distrito Federal \u2013 Concentra\u00e7\u00e3o a partir das 13h, na torre de TV. Em seguida, \u00e0s 15h, a milit\u00e2ncia seguir\u00e1 em marcha at\u00e9 a Rodovi\u00e1ria do Plano Piloto<br \/>Taguatinga &#8211; Adm. do Tagu\u00e1 Parque &#8211; 8h30<br \/>\u00a0<br \/><strong>Esp\u00edrito Santo<\/strong><br \/>Vit\u00f3ria &#8211; Pra\u00e7a Costa Pereira &#8211; 9h<br \/><strong>\u00a0<br \/>Goi\u00e1s<\/strong><br \/>Goi\u00e2nia &#8211; Pra\u00e7a Botafogo, 9 horas &#8211; Setor Central<br \/><strong>\u00a0<br \/>Minas Gerais<\/strong><br \/>Belo Horizonte \u2013 Pra\u00e7a Afonso Arinos, \u00e0s 8h<br \/>Alvin\u00f3polis &#8211; Museu e Selateca &#8211; 19h<br \/>\u00a0<strong><br \/>Maranh\u00e3o<\/strong><br \/>S\u00e3o Lu\u00eds \u2013 Pra\u00e7a Deodoro \u2013 9h<br \/>\u00a0<br \/><strong>Mato Grosso<\/strong><br \/>Cuiab\u00e1 &#8211; Pra\u00e7a Alencastro &#8211; 8h<br \/>Sinop &#8211; Pra\u00e7a da B\u00edblia &#8211; 15h30<br \/>\u00a0<br \/><strong>Mato Grosso do Sul<\/strong><br \/>Campo Grande &#8211; Esplanada Ferrovi\u00e1ria &#8211; 15h<br \/>\u00a0<br \/><strong>Para\u00edba<\/strong><br \/>Jo\u00e3o Pessoa \u2013 Concentra\u00e7\u00e3o na Pra\u00e7a Dom Adauto \u00e0s 9h<br \/>Campina Grande &#8211; Pra\u00e7a dos Tr\u00eas Pandeiros &#8211; 13h<br \/>\u00a0<br \/><strong>Paran\u00e1<\/strong><br \/>Curitiba &#8211; Boca Maldita \u00e0s 10h \u00a0<br \/>Maring\u00e1 &#8211; Pra\u00e7a Raposo Tavares \u00e0s 9h<br \/>Londrina \u2013 Cal\u00e7ad\u00e3o \u00e0s 10h<br \/>Foz do Igua\u00e7u \u2013 concentra\u00e7\u00e3o no Bosque Guarani (atr\u00e1s do terminal de \u00f4nibus), \u00e0s 9h<br \/>\u00a0<br \/><strong>Pernambuco<\/strong><br \/>Recife &#8211; Lago da Paz &#8211; 9h<br \/>Olinda &#8211; Concentra\u00e7\u00e3o \u00e0s 15h, no Varadouro<br \/><strong>\u00a0<br \/>Piau\u00ed<\/strong><br \/>Teresina &#8211; \u00a0Ato unificado na Pra\u00e7a Rio Branco a partir das 8h<br \/><strong>\u00a0<br \/>Par\u00e1<\/strong><br \/>Bel\u00e9m \u2013 Esta\u00e7\u00e3o das Docas \u2013 8h<br \/>Ananindeua \u2013 Casa da Mulher Brasileira, Vila Maguary \u2013 18h<br \/>Castanhal \u2013 Esta\u00e7\u00e3o Pra\u00e7a da Estrela \u2013 18h<br \/><strong>\u00a0<br \/>Rio de Janeiro<\/strong><br \/>Concentra\u00e7\u00e3o na Candel\u00e1ria \u00e0s 16h, o ato seguir\u00e1 at\u00e9 a Cinel\u00e2ndia<br \/>Cabo Frio &#8211; Pra\u00e7a Porto Rocha &#8211; 16h<br \/>Duque de Caxias &#8211; Pra\u00e7a da Mantiquira, Xer\u00e9m &#8211; 9h<br \/>Niter\u00f3i &#8211; Terminal das Barcas &#8211; 8h<br \/>Volta Redonda &#8211; Avenida Paulo de Frontin &#8211; 9h<br \/>\u00a0<br \/><strong>Rio Grande do Norte<\/strong><br \/>Natal &#8211; Ato unificado com concentra\u00e7\u00e3o no Caju da Redinha\/ Caminhada at\u00e9 o Mercado da Redinha com Programa\u00e7\u00e3o Cultural, \u00e0s 9h<br \/>Parnamirim &#8211; Caminh\u00f3dromo &#8211; 14h<br \/>\u00a0<br \/><strong>Rio Grande do Sul<\/strong><br \/>Porto Alegre &#8211; Ato unificado a partir das 9h no Largo Gl\u00eanio Peres e contar\u00e1 com forte protagonismo da CUT-RS<br \/>Lajeado &#8211; Pra\u00e7a do Dick &#8211; 16h<br \/>Novo Hamburgo &#8211; Pra\u00e7a dos Imigrantes &#8211; 14h<br \/>Passo Fundo &#8211; Pra\u00e7a das Cuias &#8211; 16h<br \/>\u00a0<br \/><strong>Roraima<\/strong><br \/>Boa Vista &#8211; Pra\u00e7a Germano Sampaio \u00e0s 7h<br \/>\u00a0<br \/><strong>S\u00e3o Paulo<\/strong><br \/>S\u00e3o Paulo &#8211; ato unificado ser\u00e1 realizado na Avenida Paulista, \u00e0s 13h, em frente ao Museu de Arte de S\u00e3o Paulo (MASP)<br \/>ABC Paulista<br \/>Santo Andr\u00e9 &#8211; \u00a0Sede Sintetra &#8211; Rua Santo Andr\u00e9, 435 &#8211; 9h<br \/>Campinas<br \/>Largo do Ros\u00e1rio \u2013 \u00e0s 9h<br \/>Sorocaba<br \/>Prac\u0327a Frei Barau\u0301na (Fo\u0301rum velho) \u00e0s 9h<br \/>\u00a0<br \/><strong>Santa Catarina<\/strong><br \/>Florian\u00f3polis &#8211; das 10h \u00e0s 13h, no Largo da Alf\u00e2ndega<br \/>Blumenau &#8211; Parque Ramiro, \u00e0s 16h<br \/>Chapec\u00f3 &#8211; Pra\u00e7a Coronel Bertaso \u00e0s 9h<br \/>Jaragu\u00e1 do Sul &#8211; Di\u00e1logos e Panfletagens das 8h \u00e0s 13h30, no Terminal Urbano, Pra\u00e7a Meia Lua, Pra\u00e7a \u00c2ngelo Piazera e outras \u00e1reas centrais<br \/>Das 13h30 \u00e0s 18h, no CEU (Escola Jardim, Lenzi, Centro de Conviv\u00eancia e Cultura, CEU Manequinha<br \/>Joinville \u2013 Atividade das 14h \u00e0s 19h, na Pra\u00e7a da Esta\u00e7\u00e3o\/Pra\u00e7a Monte Castelo<br \/>Crici\u00fama &#8211; Carreata por Forquilhinha\/Crici\u00fama e I\u00e7ara &#8211; 9h<br \/>Itaja\u00ed &#8211; Pra\u00e7a do Museu Hist\u00f3rico &#8211; 10h<br \/>\u00a0<br \/><strong>Sergipe<\/strong><br \/>Aracaju &#8211; Concentra\u00e7\u00e3o na Pra\u00e7a Fausto Cardoso &#8211; 8h<\/p>\n<p><strong>Fonte: Contraf-CUT<\/strong><\/p>\n","protected":false},"excerpt":{"rendered":"<p>Em alus\u00e3o ao Dia Internacional da Mulher, as banc\u00e1rias se unem a diversos movimentos sociais trabalhistas para protestos no pa\u00eds inteiro, neste s\u00e1bado, 8 de mar\u00e7o, com o mote \u201cConstruindo o Futuro com Igualdade\u201d. Confira os locais de concentra\u00e7\u00e3o no final desta mat\u00e9ria. &#8220;Com o mote deste ano, queremos chamar a aten\u00e7\u00e3o tanto para a [&hellip;]<\/p>\n","protected":false},"author":2,"featured_media":16209,"comment_status":"","ping_status":"","sticky":false,"template":"","format":"standard","meta":{"footnotes":""},"categories":[3],"tags":[],"class_list":["post-16210","post","type-post","status-publish","format-standard","has-post-thumbnail","hentry","category-noticias"],"_links":{"self":[{"href":"https:\/\/hostnetart.com.br\/baixada\/wp-json\/wp\/v2\/posts\/16210","targetHints":{"allow":["GET"]}}],"collection":[{"href":"https:\/\/hostnetart.com.br\/baixada\/wp-json\/wp\/v2\/posts"}],"about":[{"href":"https:\/\/hostnetart.com.br\/baixada\/wp-json\/wp\/v2\/types\/post"}],"author":[{"embeddable":true,"href":"https:\/\/hostnetart.com.br\/baixada\/wp-json\/wp\/v2\/users\/2"}],"replies":[{"embeddable":true,"href":"https:\/\/hostnetart.com.br\/baixada\/wp-json\/wp\/v2\/comments?post=16210"}],"version-history":[{"count":0,"href":"https:\/\/hostnetart.com.br\/baixada\/wp-json\/wp\/v2\/posts\/16210\/revisions"}],"wp:featuredmedia":[{"embeddable":true,"href":"https:\/\/hostnetart.com.br\/baixada\/wp-json\/wp\/v2\/media\/16209"}],"wp:attachment":[{"href":"https:\/\/hostnetart.com.br\/baixada\/wp-json\/wp\/v2\/media?parent=16210"}],"wp:term":[{"taxonomy":"category","embeddable":true,"href":"https:\/\/hostnetart.com.br\/baixada\/wp-json\/wp\/v2\/categories?post=16210"},{"taxonomy":"post_tag","embeddable":true,"href":"https:\/\/hostnetart.com.br\/baixada\/wp-json\/wp\/v2\/tags?post=16210"}],"curies":[{"name":"wp","href":"https:\/\/api.w.org\/{rel}","templated":true}]}}