{"id":16188,"date":"2025-02-25T13:52:08","date_gmt":"2025-02-25T16:52:08","guid":{"rendered":"https:\/\/hostnetart.com.br\/baixada\/vem-ai-o-botequim-das-mulheres\/"},"modified":"2025-02-25T13:52:08","modified_gmt":"2025-02-25T16:52:08","slug":"vem-ai-o-botequim-das-mulheres","status":"publish","type":"post","link":"https:\/\/hostnetart.com.br\/baixada\/vem-ai-o-botequim-das-mulheres\/","title":{"rendered":"Vem a\u00ed o Botequim das Mulheres"},"content":{"rendered":"<p>J\u00e1 anotem na agenda: no dia <strong>13 de mar\u00e7o<\/strong>, quinta-feira, o Sindicato dos Banc\u00e1rios da Baixada Fluminense ir\u00e1 realizar o <strong>Botequim das Mulheres<\/strong>.<\/p>\n<p>O evento, que ocorrer\u00e1 a partir das 17 horas, na <strong>Sede do Sindicato<\/strong> em Duque de <strong>Caxias<\/strong>, \u00e9 uma homenagem ao <em>Dia Internacional da Mulher<\/em>, comemorado no dia 8\/3.<\/p>\n<p>A atra\u00e7\u00e3o especial ser\u00e1 a cantora Micarla!\u00a0<\/p>\n<p>Ent\u00e3o, j\u00e1 espalha a not\u00edcia, pois teremos muita alegria, m\u00fasica ao vivo e confraterniza\u00e7\u00e3o.<\/p>\n<p>N\u00e3o percam!<\/p>\n<p><strong>IMPORTANTE<\/strong><\/p>\n<p>O evento \u00e9 exclusivo para banc\u00e1rios, banc\u00e1rias e seus dependentes.<\/p>\n<p>Comida liberada e bebidas \u00e0 parte.<\/p>\n<p>EVITE O DESPERD\u00cdCIO!<\/p>\n","protected":false},"excerpt":{"rendered":"<p>J\u00e1 anotem na agenda: no dia 13 de mar\u00e7o, quinta-feira, o Sindicato dos Banc\u00e1rios da Baixada Fluminense ir\u00e1 realizar o Botequim das Mulheres. O evento, que ocorrer\u00e1 a partir das 17 horas, na Sede do Sindicato em Duque de Caxias, \u00e9 uma homenagem ao Dia Internacional da Mulher, comemorado no dia 8\/3. A atra\u00e7\u00e3o especial [&hellip;]<\/p>\n","protected":false},"author":2,"featured_media":16187,"comment_status":"","ping_status":"","sticky":false,"template":"","format":"standard","meta":{"footnotes":""},"categories":[3],"tags":[],"class_list":["post-16188","post","type-post","status-publish","format-standard","has-post-thumbnail","hentry","category-noticias"],"_links":{"self":[{"href":"https:\/\/hostnetart.com.br\/baixada\/wp-json\/wp\/v2\/posts\/16188","targetHints":{"allow":["GET"]}}],"collection":[{"href":"https:\/\/hostnetart.com.br\/baixada\/wp-json\/wp\/v2\/posts"}],"about":[{"href":"https:\/\/hostnetart.com.br\/baixada\/wp-json\/wp\/v2\/types\/post"}],"author":[{"embeddable":true,"href":"https:\/\/hostnetart.com.br\/baixada\/wp-json\/wp\/v2\/users\/2"}],"replies":[{"embeddable":true,"href":"https:\/\/hostnetart.com.br\/baixada\/wp-json\/wp\/v2\/comments?post=16188"}],"version-history":[{"count":0,"href":"https:\/\/hostnetart.com.br\/baixada\/wp-json\/wp\/v2\/posts\/16188\/revisions"}],"wp:featuredmedia":[{"embeddable":true,"href":"https:\/\/hostnetart.com.br\/baixada\/wp-json\/wp\/v2\/media\/16187"}],"wp:attachment":[{"href":"https:\/\/hostnetart.com.br\/baixada\/wp-json\/wp\/v2\/media?parent=16188"}],"wp:term":[{"taxonomy":"category","embeddable":true,"href":"https:\/\/hostnetart.com.br\/baixada\/wp-json\/wp\/v2\/categories?post=16188"},{"taxonomy":"post_tag","embeddable":true,"href":"https:\/\/hostnetart.com.br\/baixada\/wp-json\/wp\/v2\/tags?post=16188"}],"curies":[{"name":"wp","href":"https:\/\/api.w.org\/{rel}","templated":true}]}}