{"id":16186,"date":"2025-02-21T13:31:15","date_gmt":"2025-02-21T16:31:15","guid":{"rendered":"https:\/\/hostnetart.com.br\/baixada\/banco-do-brasil-anuncia-pagamento-da-plr-para-dia-28\/"},"modified":"2025-02-21T13:31:15","modified_gmt":"2025-02-21T16:31:15","slug":"banco-do-brasil-anuncia-pagamento-da-plr-para-dia-28","status":"publish","type":"post","link":"https:\/\/hostnetart.com.br\/baixada\/banco-do-brasil-anuncia-pagamento-da-plr-para-dia-28\/","title":{"rendered":"Banco do Brasil anuncia pagamento da PLR para dia 28"},"content":{"rendered":"<\/p>\n<p>O Banco do Brasil atendeu a reivindica\u00e7\u00e3o do movimento sindical e anunciou a antecipa\u00e7\u00e3o do pagamento da segunda parcela da Participa\u00e7\u00e3o nos Lucros e Resultados (PLR) na sexta-feira da semana que vem (28).<\/p>\n<p>No Banco do Brasil, o c\u00e1lculo da PLR \u00e9 realizado com base nos m\u00f3dulos Fenaban e no BB. Pelo m\u00f3dulo Fenaban, os funcion\u00e1rios recebem 45% do sal\u00e1rio paradigma estipulado no acordo, acrescido de uma parcela fixa. J\u00e1 no m\u00f3dulo BB, h\u00e1 uma distribui\u00e7\u00e3o linear de 4% do lucro do banco entre os funcion\u00e1rios, al\u00e9m de uma parcela vari\u00e1vel.<\/p>\n<p>\u201cA antecipa\u00e7\u00e3o tamb\u00e9m \u00e9 uma conquista, pois o BB atendeu a um pedido nosso. \u00c9 sempre importante lembrar tamb\u00e9m que o lucro do banco \u00e9 fruto de muito esfor\u00e7o de cada um dos funcion\u00e1rios e funcion\u00e1rias, por isso \u00e9 um direito, n\u00e3o benef\u00edcio\u201d, afirmou a coordenadora da Comiss\u00e3o de Empresa dos Funcion\u00e1rios do Banco do Brasil (CNFBB), Fernanda Lopes.<\/p>\n<p><strong>Fonte: Contraf-CUT<\/strong><\/p>\n","protected":false},"excerpt":{"rendered":"<p>O Banco do Brasil atendeu a reivindica\u00e7\u00e3o do movimento sindical e anunciou a antecipa\u00e7\u00e3o do pagamento da segunda parcela da Participa\u00e7\u00e3o nos Lucros e Resultados (PLR) na sexta-feira da semana que vem (28). No Banco do Brasil, o c\u00e1lculo da PLR \u00e9 realizado com base nos m\u00f3dulos Fenaban e no BB. Pelo m\u00f3dulo Fenaban, os [&hellip;]<\/p>\n","protected":false},"author":2,"featured_media":16185,"comment_status":"","ping_status":"","sticky":false,"template":"","format":"standard","meta":{"footnotes":""},"categories":[3],"tags":[],"class_list":["post-16186","post","type-post","status-publish","format-standard","has-post-thumbnail","hentry","category-noticias"],"_links":{"self":[{"href":"https:\/\/hostnetart.com.br\/baixada\/wp-json\/wp\/v2\/posts\/16186","targetHints":{"allow":["GET"]}}],"collection":[{"href":"https:\/\/hostnetart.com.br\/baixada\/wp-json\/wp\/v2\/posts"}],"about":[{"href":"https:\/\/hostnetart.com.br\/baixada\/wp-json\/wp\/v2\/types\/post"}],"author":[{"embeddable":true,"href":"https:\/\/hostnetart.com.br\/baixada\/wp-json\/wp\/v2\/users\/2"}],"replies":[{"embeddable":true,"href":"https:\/\/hostnetart.com.br\/baixada\/wp-json\/wp\/v2\/comments?post=16186"}],"version-history":[{"count":0,"href":"https:\/\/hostnetart.com.br\/baixada\/wp-json\/wp\/v2\/posts\/16186\/revisions"}],"wp:featuredmedia":[{"embeddable":true,"href":"https:\/\/hostnetart.com.br\/baixada\/wp-json\/wp\/v2\/media\/16185"}],"wp:attachment":[{"href":"https:\/\/hostnetart.com.br\/baixada\/wp-json\/wp\/v2\/media?parent=16186"}],"wp:term":[{"taxonomy":"category","embeddable":true,"href":"https:\/\/hostnetart.com.br\/baixada\/wp-json\/wp\/v2\/categories?post=16186"},{"taxonomy":"post_tag","embeddable":true,"href":"https:\/\/hostnetart.com.br\/baixada\/wp-json\/wp\/v2\/tags?post=16186"}],"curies":[{"name":"wp","href":"https:\/\/api.w.org\/{rel}","templated":true}]}}