{"id":16184,"date":"2025-02-21T13:30:29","date_gmt":"2025-02-21T16:30:29","guid":{"rendered":"https:\/\/hostnetart.com.br\/baixada\/caixa-fabi-proscholdt-cobra-informacoes-sobre-mudancas-na-rede\/"},"modified":"2025-02-21T13:30:29","modified_gmt":"2025-02-21T16:30:29","slug":"caixa-fabi-proscholdt-cobra-informacoes-sobre-mudancas-na-rede","status":"publish","type":"post","link":"https:\/\/hostnetart.com.br\/baixada\/caixa-fabi-proscholdt-cobra-informacoes-sobre-mudancas-na-rede\/","title":{"rendered":"Caixa: Fabi Proscholdt cobra informa\u00e7\u00f5es sobre mudan\u00e7as na rede"},"content":{"rendered":"<\/p>\n<p>Ap\u00f3s ser acionada por trabalhadores da Caixa Econ\u00f4mica Federal e entidades representativas da categoria sobre uma nova reestrutura\u00e7\u00e3o na rede de varejo, a representante eleita pelas empregadas e pelos empregados para o Conselho de Administra\u00e7\u00e3o do banco, Fabiana Uehara Proscholdt, reuniu-se com representantes da empresa e solicitou esclarecimentos. Segundo a conselheira eleita, o banco confirmou a exist\u00eancia de estudos de mudan\u00e7as com vistas na centralidade do cliente.<\/p>\n<p>\u201cO entendimento da Caixa \u00e9 o de que o processo de atendimento da rede \u00e9 uma transforma\u00e7\u00e3o cont\u00ednua e que est\u00e3o em estudo novos modelos que contemplem as necessidades dos clientes e tamb\u00e9m dos empregados. Na reuni\u00e3o, cobrei a necessidade de n\u00e3o haver preju\u00edzos aos colegas e reforcei a import\u00e2ncia do di\u00e1logo com as entidades representativas. Esse acompanhamento das entidades \u00e9 essencial, inclusive para que elas possam dar sugest\u00f5es para as mudan\u00e7as que o banco pretende realizar\u201d, frisou a conselheira, que \u00e9 conhecida por seus colegas de trabalho como Fabi.<\/p>\n<p>\u201cVou continuar acompanhando esse debate, porque qualquer movimenta\u00e7\u00e3o \u00e9 sempre motivo de preocupa\u00e7\u00e3o entre os empregados\u201d, acrescentou a representante dos empregados no CA da Caixa.<\/p>\n<p>\u201c\u00c9 importante que n\u00f3s, empregadas e empregados da Caixa, tenhamos uma representante como a Fabi no Conselho de Administra\u00e7\u00e3o. Ela coordenou os trabalhos da CEE por anos. Sabe exatamente o que pode nos afetar e o que \u00e9 preciso ser feito para lutar contra os poss\u00edveis preju\u00edzos que podem ser causados por uma reestrutura\u00e7\u00e3o da rede de ag\u00eancias da Caixa\u201d, disse o coordenador da Comiss\u00e3o Executiva dos Empregados (CEE), Rafael de Castro.<\/p>\n<p>O presidente da Federa\u00e7\u00e3o Nacional das Associa\u00e7\u00f5es do Pessoal da Caixa (Fenae), Sergio Takemoto, tamb\u00e9m ressaltou a import\u00e2ncia da necessidade da participa\u00e7\u00e3o das entidades sindicais e associativas dos empregados nas decis\u00f5es. \u201cVamos acompanhar o desenrolar das medidas para nos certificar de que n\u00e3o haja perdas para as empregadas e empregados\u201d, destacou.<\/p>\n<p>Fabiana informou que a Caixa est\u00e1 inaugurando novas Superintend\u00eancias Regionais (SRs) e que algumas delas ainda n\u00e3o existem fisicamente. Por conta disso, o banco n\u00e3o tem nomeado na rede. \u201cAvaliamos que a empresa est\u00e1 segurando as nomea\u00e7\u00f5es por conta das adequa\u00e7\u00f5es que planeja fazer, bem como seus desdobramentos. At\u00e9 entendemos a l\u00f3gica, mas existem colegas que est\u00e3o substituindo que t\u00eam a expectativa de serem efetivados, e isso n\u00e3o deixa de gerar certa instabilidade\u201d, observou. \u201cPor isso, \u00e9 preciso que haja transpar\u00eancia do banco e participa\u00e7\u00e3o das entidades sindicais em todas as medidas que envolvam os trabalhadores\u201d, completou.<\/p>\n<p><strong>Texto:<\/strong> <a href=\"https:\/\/www.fenae.org.br\/portal\/fenae-portal\/reestruturacao-conselheira-eleita-e-entidades-cobram-informacoes-da-caixa-sobre-mudancas-na-rede-8A19A304951E4DB101952347279C129C-00.htm\" target=\"_blank\" rel=\"noopener noreferrer\">Fenae<\/a>, com edi\u00e7\u00f5es da Contraf-CUT<\/p>\n<p><strong>Fonte: Contraf-CUT<\/strong><\/p>\n","protected":false},"excerpt":{"rendered":"<p>Ap\u00f3s ser acionada por trabalhadores da Caixa Econ\u00f4mica Federal e entidades representativas da categoria sobre uma nova reestrutura\u00e7\u00e3o na rede de varejo, a representante eleita pelas empregadas e pelos empregados para o Conselho de Administra\u00e7\u00e3o do banco, Fabiana Uehara Proscholdt, reuniu-se com representantes da empresa e solicitou esclarecimentos. Segundo a conselheira eleita, o banco confirmou [&hellip;]<\/p>\n","protected":false},"author":2,"featured_media":16183,"comment_status":"","ping_status":"","sticky":false,"template":"","format":"standard","meta":{"footnotes":""},"categories":[3],"tags":[],"class_list":["post-16184","post","type-post","status-publish","format-standard","has-post-thumbnail","hentry","category-noticias"],"_links":{"self":[{"href":"https:\/\/hostnetart.com.br\/baixada\/wp-json\/wp\/v2\/posts\/16184","targetHints":{"allow":["GET"]}}],"collection":[{"href":"https:\/\/hostnetart.com.br\/baixada\/wp-json\/wp\/v2\/posts"}],"about":[{"href":"https:\/\/hostnetart.com.br\/baixada\/wp-json\/wp\/v2\/types\/post"}],"author":[{"embeddable":true,"href":"https:\/\/hostnetart.com.br\/baixada\/wp-json\/wp\/v2\/users\/2"}],"replies":[{"embeddable":true,"href":"https:\/\/hostnetart.com.br\/baixada\/wp-json\/wp\/v2\/comments?post=16184"}],"version-history":[{"count":0,"href":"https:\/\/hostnetart.com.br\/baixada\/wp-json\/wp\/v2\/posts\/16184\/revisions"}],"wp:featuredmedia":[{"embeddable":true,"href":"https:\/\/hostnetart.com.br\/baixada\/wp-json\/wp\/v2\/media\/16183"}],"wp:attachment":[{"href":"https:\/\/hostnetart.com.br\/baixada\/wp-json\/wp\/v2\/media?parent=16184"}],"wp:term":[{"taxonomy":"category","embeddable":true,"href":"https:\/\/hostnetart.com.br\/baixada\/wp-json\/wp\/v2\/categories?post=16184"},{"taxonomy":"post_tag","embeddable":true,"href":"https:\/\/hostnetart.com.br\/baixada\/wp-json\/wp\/v2\/tags?post=16184"}],"curies":[{"name":"wp","href":"https:\/\/api.w.org\/{rel}","templated":true}]}}