{"id":1618,"date":"2013-10-18T00:00:00","date_gmt":"2013-10-18T03:00:00","guid":{"rendered":"https:\/\/hostnetart.com.br\/baixada\/contraf-cut-marca-reuniao-com-fenaban-sobre-projeto-piloto-de-seguranca\/"},"modified":"2013-10-18T00:00:00","modified_gmt":"2013-10-18T03:00:00","slug":"contraf-cut-marca-reuniao-com-fenaban-sobre-projeto-piloto-de-seguranca","status":"publish","type":"post","link":"https:\/\/hostnetart.com.br\/baixada\/contraf-cut-marca-reuniao-com-fenaban-sobre-projeto-piloto-de-seguranca\/","title":{"rendered":"Contraf-CUT marca reuni\u00e3o com Fenaban sobre projeto-piloto de seguran\u00e7a"},"content":{"rendered":"<p>A Contraf-CUT e o Sindicato dos Banc\u00e1rios de Pernambuco marcaram com a Fenaban para o pr\u00f3ximo dia 4 de novembro, \u00e0s 14h, em Recife, a primeira reuni\u00e3o de acompanhamento do projeto-piloto de seguran\u00e7a banc\u00e1ria. Trata-se do in\u00edcio do grupo de trabalho de seguran\u00e7a banc\u00e1ria para verificar as ocorr\u00eancias, que ser\u00e1 constitu\u00eddo por representantes da Contraf-CUT, do Sindicato e dos seis maiores bancos.<\/p>\n<p>\u00a0<\/p>\n<p>Conquistado durante as negocia\u00e7\u00f5es da Campanha Nacional dos Banc\u00e1rios de 2012, o projeto-piloto est\u00e1 sendo desenvolvido na capital pernambucana, Olinda e Jaboat\u00e3o dos Guararapes. O prazo de dura\u00e7\u00e3o \u00e9 de 12 meses.<\/p>\n<p>\u00a0<\/p>\n<p>O protocolo de inten\u00e7\u00f5es visando implementar o projeto-piloto para melhorar a seguran\u00e7a banc\u00e1ria em 261 ag\u00eancias das tr\u00eas cidades foi assinado no dia 14 de maio pelos presidentes da Contraf-CUT, Carlos Cordeiro, do Sindicato, Jaqueline Mello, e da Fenaban, Murilo Portugal, al\u00e9m de autoridades estaduais, municipais e do Minist\u00e9rio P\u00fablico, durante solenidade na sede do governo de Pernambuco.<\/p>\n<p>\u00a0<\/p>\n<p>O projeto-piloto prev\u00ea a instala\u00e7\u00e3o de portas de seguran\u00e7a com detectores de metais, c\u00e2meras internas e externas, biombos entre a bateria de caixas e as filas, guarda-volumes, al\u00e9m de vigilantes com coletes bal\u00edsticos e armados de acordo com a Lei 7.102\/83 e cofre com dispositivo de retardo.<\/p>\n<p>\u00a0<\/p>\n<p>Os bancos tiveram 90 dias para instalar os equipamentos e tomar as medidas previstas. Esse prazo terminou no dia 14 de agosto.<\/p>\n<p>\u00a0<\/p>\n<p>Conforme o protocolo, o grupo de trabalho vai acompanhar semanalmente as ocorr\u00eancias, em conjunto com a Secretaria de Defesa Social de PE, Comando da Pol\u00edcia Militar e o delegado-geral da Pol\u00edcia Civil.<\/p>\n<p>\u00a0<\/p>\n<p>\u201cAl\u00e9m de organizar o acompanhamento local do projeto-piloto, vamos fazer uma avalia\u00e7\u00e3o dos dois meses de funcionamento para analisar os primeiros resultados\u201d, explica Carlos Cordeiro. \u201cVamos tamb\u00e9m discutir como ser\u00e1 o acompanhamento nacional, a fim de envolver o pa\u00eds inteiro em cada etapa do processo\u201d, completa.<\/p>\n<p>\u00a0<\/p>\n<p>\u00a0<\/p>\n<p><strong>Expectativas<\/strong><\/p>\n<p>\u00a0<\/p>\n<p>Para o presidente da Contraf-CUT, \u201co projeto-piloto representa um avan\u00e7o muito importante porque contempla antigas reivindica\u00e7\u00f5es dos banc\u00e1rios e \u00e9 uma experi\u00eancia que esperamos possa mudar o conceito de seguran\u00e7a praticado pelos bancos, que hoje s\u00f3 visa o patrim\u00f4nio. Queremos mudar o foco para a prote\u00e7\u00e3o da vida das pessoas\u201d.<\/p>\n<p>\u00a0<\/p>\n<p>Jaqueline destaca que a implanta\u00e7\u00e3o do projeto-piloto \u00e9 uma grande vit\u00f3ria dos banc\u00e1rios. \u201cEste \u00e9 o resultado de anos de luta e muita press\u00e3o. Finalmente conseguimos dar um grande passo para que os bancos cumpram a sua responsabilidade. Agora, vamos acompanhar de perto todo o processo de implanta\u00e7\u00e3o do programa aqui em Pernambuco para que, em breve, essas medidas sejam estendidas para todo o Brasil\u201d, salienta.<\/p>\n<p>\u00a0<\/p>\n<p>O projeto-piloto conta com o apoio do Minist\u00e9rio P\u00fablico de Pernambuco. \u201cFoi uma luta, um avan\u00e7o, uma conquista\u201d, frisa o promotor Ricardo Coelho, que participou da sua constru\u00e7\u00e3o.<\/p>\n<p>\u00a0<\/p>\n<p>\u201cAcreditamos que os equipamentos e as medidas previstas no projeto-piloto ir\u00e3o trazer bons resultados e esperamos que sejam estendidas para todo o Brasil\u201d, conclui Ademir Wiederkehr, secret\u00e1rio de Imprensa da Contraf-CUT e coordenador do Coletivo de Seguran\u00e7a Banc\u00e1ria.<\/p>\n<p>\u00a0<\/p>\n<p>Fonte: Contraf-CUT<\/p>\n","protected":false},"excerpt":{"rendered":"<p>A Contraf-CUT e o Sindicato dos Banc\u00e1rios de Pernambuco marcaram com a Fenaban para o pr\u00f3ximo dia 4 de novembro, \u00e0s 14h, em Recife, a primeira reuni\u00e3o de acompanhamento do projeto-piloto de seguran\u00e7a banc\u00e1ria. Trata-se do in\u00edcio do grupo de trabalho de seguran\u00e7a banc\u00e1ria para verificar as ocorr\u00eancias, que ser\u00e1 constitu\u00eddo por representantes da Contraf-CUT, [&hellip;]<\/p>\n","protected":false},"author":1,"featured_media":0,"comment_status":"","ping_status":"","sticky":false,"template":"","format":"standard","meta":{"footnotes":""},"categories":[3],"tags":[],"class_list":["post-1618","post","type-post","status-publish","format-standard","hentry","category-noticias"],"_links":{"self":[{"href":"https:\/\/hostnetart.com.br\/baixada\/wp-json\/wp\/v2\/posts\/1618","targetHints":{"allow":["GET"]}}],"collection":[{"href":"https:\/\/hostnetart.com.br\/baixada\/wp-json\/wp\/v2\/posts"}],"about":[{"href":"https:\/\/hostnetart.com.br\/baixada\/wp-json\/wp\/v2\/types\/post"}],"author":[{"embeddable":true,"href":"https:\/\/hostnetart.com.br\/baixada\/wp-json\/wp\/v2\/users\/1"}],"replies":[{"embeddable":true,"href":"https:\/\/hostnetart.com.br\/baixada\/wp-json\/wp\/v2\/comments?post=1618"}],"version-history":[{"count":0,"href":"https:\/\/hostnetart.com.br\/baixada\/wp-json\/wp\/v2\/posts\/1618\/revisions"}],"wp:attachment":[{"href":"https:\/\/hostnetart.com.br\/baixada\/wp-json\/wp\/v2\/media?parent=1618"}],"wp:term":[{"taxonomy":"category","embeddable":true,"href":"https:\/\/hostnetart.com.br\/baixada\/wp-json\/wp\/v2\/categories?post=1618"},{"taxonomy":"post_tag","embeddable":true,"href":"https:\/\/hostnetart.com.br\/baixada\/wp-json\/wp\/v2\/tags?post=1618"}],"curies":[{"name":"wp","href":"https:\/\/api.w.org\/{rel}","templated":true}]}}