{"id":16174,"date":"2025-02-17T12:29:02","date_gmt":"2025-02-17T15:29:02","guid":{"rendered":"https:\/\/hostnetart.com.br\/baixada\/saude-caixa-empregados-serao-chamados-a-apontar-falhas\/"},"modified":"2025-02-17T12:29:02","modified_gmt":"2025-02-17T15:29:02","slug":"saude-caixa-empregados-serao-chamados-a-apontar-falhas","status":"publish","type":"post","link":"https:\/\/hostnetart.com.br\/baixada\/saude-caixa-empregados-serao-chamados-a-apontar-falhas\/","title":{"rendered":"Sa\u00fade Caixa: Empregados ser\u00e3o chamados a apontar falhas"},"content":{"rendered":"<\/p>\n<p>As empregadas e empregados da Caixa Econ\u00f4mica Federal ser\u00e3o chamados a dizer quais s\u00e3o os problemas do Sa\u00fade Caixa, o plano de sa\u00fade do pessoal da Caixa. A iniciativa \u00e9 da Confedera\u00e7\u00e3o Nacional dos Trabalhadores do Ramo Financeiro (Contraf-CUT), da Federa\u00e7\u00e3o Nacional das Associa\u00e7\u00f5es do Pessoal da Caixa (Fenae), e de diversas outras entidades de representa\u00e7\u00e3o sindical e associativas dos trabalhadores.<\/p>\n<p>\u201cH\u00e1 algum tempo, n\u00f3s do movimento sindical, cobramos melhorias na rede de atendimento e a queda do teto de gastos do banco com a sa\u00fade de suas empregadas e seus empregados. Na verdade, estas cobran\u00e7as n\u00e3o s\u00e3o do movimento sindical. \u00c9 do pr\u00f3prio pessoal da Caixa, que sofre no dia a dia com a falta de m\u00e9dicos de diversas especialidades. Mas, parece que o banco n\u00e3o entende que a demanda vem da base\u201d, disse o diretor da Contraf-CUT e coordenador da Comiss\u00e3o Executiva dos Empregados (CEE) da Caixa, Rafael de Castro.<\/p>\n<p>\u201cPor isso, vamos fazer um chamado \u00e0s empregadas e empregados, para que eles acessem a Central Sa\u00fade Caixa e registrem l\u00e1 suas reclama\u00e7\u00f5es. A\u00ed, n\u00e3o ter\u00e1 como o banco se fazer de desentendido, pois precisar\u00e1 ver e responder a cada reclama\u00e7\u00e3o\u201d, completou.<\/p>\n<h2><strong>Derruba o teto<\/strong><\/h2>\n<p>Al\u00e9m da melhoria na rede de atendimento, o teto de custeio da Caixa com a sa\u00fade de seus empregados, estabelecido no estatuto da Caixa em at\u00e9 6,5% da folha de pagamentos, impede que o banco arque com os 70% dos custos do plano de sa\u00fade, conforme definido no Acordo Coletivo espec\u00edfico. Os empregados t\u00eam arcado com quase 50% dos custos do plano.<\/p>\n<p>\u201cIsso tem inviabilizado a perman\u00eancia de muitos empregados no plano, principalmente aposentados. A redu\u00e7\u00e3o de participantes, somada ao aumento dos custos m\u00e9dicos (sempre em alta), faz com que a receita caia e aumente os custos individuais, levando a nova queda de participantes. Assim, se este c\u00edrculo vicioso n\u00e3o for cessado, logo o Sa\u00fade Caixa ser\u00e1 invi\u00e1vel para todos\u201d, disse a empregada da Caixa e secret\u00e1ria de Forma\u00e7\u00e3o da Contraf-CUT, Eliana Brasil.<\/p>\n<p>A orienta\u00e7\u00e3o da Contraf-CUT, por meio da CEE, \u00e9 para que os empregados acessem o site da Central de Atendimento do Sa\u00fade Caixa e registre as reclama\u00e7\u00f5es diretamente. E para que os sindicatos, todo dia 20 de cada m\u00eas (quando os empregados recebem seus holerites e veem o valor descontado pelo plano de sa\u00fade), a come\u00e7ar no dia 20 de fevereiro, realizem atividades nas unidades da Caixa explicando \u00e0s empregadas e empregadas o objetivo da iniciativa e da import\u00e2ncia de cada uma e cada um efetuar suas reclama\u00e7\u00f5es diretamente no site da Central Sa\u00fade Caixa.<\/p>\n<p>As entidades tamb\u00e9m foram orientadas a, quando algum empregado entrar em contato para reclamar do plano de sa\u00fade da Caixa, solicitar o n\u00famero do protocolo da reclama\u00e7\u00e3o, para que a entidade possa efetuar a cobran\u00e7a ao banco a partir da reclama\u00e7\u00e3o do pr\u00f3prio empregado.<\/p>\n<p>\u201cVamos manter estas a\u00e7\u00f5es, m\u00eas a m\u00eas, at\u00e9 que a Caixa melhore a rede credenciada de atendimento e altere seu Estatuto Social, promovendo a retirada do teto de custeio do banco com a sa\u00fade de seus empregados\u201d, disse o coordenador da CEE.<\/p>\n<p><strong>Fonte: Contraf-CUT<\/strong><\/p>\n","protected":false},"excerpt":{"rendered":"<p>As empregadas e empregados da Caixa Econ\u00f4mica Federal ser\u00e3o chamados a dizer quais s\u00e3o os problemas do Sa\u00fade Caixa, o plano de sa\u00fade do pessoal da Caixa. A iniciativa \u00e9 da Confedera\u00e7\u00e3o Nacional dos Trabalhadores do Ramo Financeiro (Contraf-CUT), da Federa\u00e7\u00e3o Nacional das Associa\u00e7\u00f5es do Pessoal da Caixa (Fenae), e de diversas outras entidades de [&hellip;]<\/p>\n","protected":false},"author":2,"featured_media":16173,"comment_status":"","ping_status":"","sticky":false,"template":"","format":"standard","meta":{"footnotes":""},"categories":[3],"tags":[],"class_list":["post-16174","post","type-post","status-publish","format-standard","has-post-thumbnail","hentry","category-noticias"],"_links":{"self":[{"href":"https:\/\/hostnetart.com.br\/baixada\/wp-json\/wp\/v2\/posts\/16174","targetHints":{"allow":["GET"]}}],"collection":[{"href":"https:\/\/hostnetart.com.br\/baixada\/wp-json\/wp\/v2\/posts"}],"about":[{"href":"https:\/\/hostnetart.com.br\/baixada\/wp-json\/wp\/v2\/types\/post"}],"author":[{"embeddable":true,"href":"https:\/\/hostnetart.com.br\/baixada\/wp-json\/wp\/v2\/users\/2"}],"replies":[{"embeddable":true,"href":"https:\/\/hostnetart.com.br\/baixada\/wp-json\/wp\/v2\/comments?post=16174"}],"version-history":[{"count":0,"href":"https:\/\/hostnetart.com.br\/baixada\/wp-json\/wp\/v2\/posts\/16174\/revisions"}],"wp:featuredmedia":[{"embeddable":true,"href":"https:\/\/hostnetart.com.br\/baixada\/wp-json\/wp\/v2\/media\/16173"}],"wp:attachment":[{"href":"https:\/\/hostnetart.com.br\/baixada\/wp-json\/wp\/v2\/media?parent=16174"}],"wp:term":[{"taxonomy":"category","embeddable":true,"href":"https:\/\/hostnetart.com.br\/baixada\/wp-json\/wp\/v2\/categories?post=16174"},{"taxonomy":"post_tag","embeddable":true,"href":"https:\/\/hostnetart.com.br\/baixada\/wp-json\/wp\/v2\/tags?post=16174"}],"curies":[{"name":"wp","href":"https:\/\/api.w.org\/{rel}","templated":true}]}}