{"id":16170,"date":"2025-02-17T12:26:35","date_gmt":"2025-02-17T15:26:35","guid":{"rendered":"https:\/\/hostnetart.com.br\/baixada\/artigo-previ-tem-governanca-e-auditorias-permanentes-do-bb-e-da-previc\/"},"modified":"2025-02-17T12:26:35","modified_gmt":"2025-02-17T15:26:35","slug":"artigo-previ-tem-governanca-e-auditorias-permanentes-do-bb-e-da-previc","status":"publish","type":"post","link":"https:\/\/hostnetart.com.br\/baixada\/artigo-previ-tem-governanca-e-auditorias-permanentes-do-bb-e-da-previc\/","title":{"rendered":"Artigo: Previ tem governan\u00e7a e auditorias permanentes do BB e da Previc"},"content":{"rendered":"<\/p>\n<p><strong>As raz\u00f5es trazidas na decis\u00e3o de se fazer auditoria urgente na Previ, me fizeram lembrar o tempo em que fui diretor de administra\u00e7\u00e3o (2003 a 2010), em 2008<\/strong>, o ano da crise do subprime (hipotecas nos EUA). O mundo ruiu e com ele os ativos de todos os setores. \u00a0Naquele ano assinei o balan\u00e7o da Previ com resultado negativo de R$ 26 bilh\u00f5es, que trazidos a valor presente seria superior a R$ 50 bilh\u00f5es.<\/p>\n<p>O super\u00e1vit da Previ naquele ano foi reduzido substancialmente, similar ao que aconteceu em 2024. \u00c9 o que acontece nesses momentos, quando temos resultados negativos nos ativos de renda vari\u00e1vel, de renda fixa e de im\u00f3veis, em decorr\u00eancia da escalada dos juros e de fatores de mercado.<\/p>\n<p><strong>Em 2008 tivemos eventos at\u00edpicos, do mesmo modo aconteceu no ano passado<\/strong>, como a redu\u00e7\u00e3o de demanda pelo principal comprador de min\u00e9rio ferro da Vale, a China. E ainda a redu\u00e7\u00e3o do pre\u00e7o por tonelada, que caiu mais de 20% no ano, fazendo com que as a\u00e7\u00f5es da Vale, ativo de renda vari\u00e1vel que correspondente a mais de R$ 30 bilh\u00f5es do nosso patrim\u00f4nio, tivesse redu\u00e7\u00e3o no pre\u00e7o de suas a\u00e7\u00f5es em cerca de 23%. Do mesmo modo, foram os demais ativos em bolsa que ca\u00edram no ano mais de 10% e, tamb\u00e9m, dos t\u00edtulos de renda fixa marcados a mercado, que desvalorizaram outros 11%. Ent\u00e3o, se fizermos a conta do impacto num ativo superior a R$ 250 bilh\u00f5es, como \u00e9 a Previ, o resultado ser\u00e1 negativo na propor\u00e7\u00e3o dos volumes de exposi\u00e7\u00e3o.<\/p>\n<p>Ainda lembrando 2008, o que deve ser olhada \u00e9 a estrat\u00e9gia de aloca\u00e7\u00e3o da Previ, estrat\u00e9gia que tem se mostrado acertada ao longo de anos. Para saber isso, basta, outra vez, voltar no tempo, e comparar com os anos seguintes a 2008, quando tivemos resultados superavit\u00e1rios que possibilitaram a distribui\u00e7\u00e3o de super\u00e1vit superior a R$ 40 bilh\u00f5es de reais para os mais de 110 mil associados do plano entre 2011 e 2014. E ainda a redu\u00e7\u00e3o de contribui\u00e7\u00e3o de 8% para 4,8% pelos associados at\u00e9 os dias atuais.<\/p>\n<p><strong>A not\u00edcia de que o TCU determinou auditoria urgente na Previ \u00e9 mais uma daquelas que nos leva a refletir sobre as raz\u00f5es desse tipo de decis\u00e3o<\/strong>. Isso porque a compet\u00eancia legal, estabelecida em Lei Complementar \u00e0 Constitui\u00e7\u00e3o para auditar a Previ, \u00e9 da PREVIC, \u00f3rg\u00e3o fiscalizador dos fundos de pens\u00e3o. E ainda porque os fundos de pens\u00e3o N\u00c3O S\u00c3O INSTUI\u00c7\u00d5ES P\u00daBLICAS, s\u00e3o por defini\u00e7\u00e3o legal institui\u00e7\u00f5es PRIVADAS, constitu\u00eddas com recursos pagos por patr\u00f5es e empregados, em decorr\u00eancia dos contratos de trabalho, logo institui\u00e7\u00f5es que n\u00e3o s\u00e3o, por lei, submetidas ao controle p\u00fablico.<\/p>\n<p>Por fim, \u00e9 de se notar que todas as vezes em que a <strong>Previ foi submetida a esse tipo de escrut\u00ednio ela demonstrou que sua governan\u00e7a e seus controles s\u00e3o fortes<\/strong>, consistentes, e \u00e9 o seu modelo de governan\u00e7a que a faz segura, forte e uma refer\u00eancia para o mercado de fundos de pens\u00e3o do Brasil e do Exterior, como exemplo bem-sucedido de governan\u00e7a e seguran\u00e7a para os seus participantes.<\/p>\n<p><em><strong>Francisco Alexandre \u2013<\/strong><\/em> Ex-diretor eleito de administra\u00e7\u00e3o da Previ (2003 -2010) e ex-superintendente do fundo de pens\u00e3o BRF Previd\u00eancia<\/p>\n<p><strong>Fonte: Contraf-CUT<\/strong><\/p>\n","protected":false},"excerpt":{"rendered":"<p>As raz\u00f5es trazidas na decis\u00e3o de se fazer auditoria urgente na Previ, me fizeram lembrar o tempo em que fui diretor de administra\u00e7\u00e3o (2003 a 2010), em 2008, o ano da crise do subprime (hipotecas nos EUA). O mundo ruiu e com ele os ativos de todos os setores. \u00a0Naquele ano assinei o balan\u00e7o da [&hellip;]<\/p>\n","protected":false},"author":2,"featured_media":16169,"comment_status":"","ping_status":"","sticky":false,"template":"","format":"standard","meta":{"footnotes":""},"categories":[3],"tags":[],"class_list":["post-16170","post","type-post","status-publish","format-standard","has-post-thumbnail","hentry","category-noticias"],"_links":{"self":[{"href":"https:\/\/hostnetart.com.br\/baixada\/wp-json\/wp\/v2\/posts\/16170","targetHints":{"allow":["GET"]}}],"collection":[{"href":"https:\/\/hostnetart.com.br\/baixada\/wp-json\/wp\/v2\/posts"}],"about":[{"href":"https:\/\/hostnetart.com.br\/baixada\/wp-json\/wp\/v2\/types\/post"}],"author":[{"embeddable":true,"href":"https:\/\/hostnetart.com.br\/baixada\/wp-json\/wp\/v2\/users\/2"}],"replies":[{"embeddable":true,"href":"https:\/\/hostnetart.com.br\/baixada\/wp-json\/wp\/v2\/comments?post=16170"}],"version-history":[{"count":0,"href":"https:\/\/hostnetart.com.br\/baixada\/wp-json\/wp\/v2\/posts\/16170\/revisions"}],"wp:featuredmedia":[{"embeddable":true,"href":"https:\/\/hostnetart.com.br\/baixada\/wp-json\/wp\/v2\/media\/16169"}],"wp:attachment":[{"href":"https:\/\/hostnetart.com.br\/baixada\/wp-json\/wp\/v2\/media?parent=16170"}],"wp:term":[{"taxonomy":"category","embeddable":true,"href":"https:\/\/hostnetart.com.br\/baixada\/wp-json\/wp\/v2\/categories?post=16170"},{"taxonomy":"post_tag","embeddable":true,"href":"https:\/\/hostnetart.com.br\/baixada\/wp-json\/wp\/v2\/tags?post=16170"}],"curies":[{"name":"wp","href":"https:\/\/api.w.org\/{rel}","templated":true}]}}