{"id":1617,"date":"2013-10-18T00:00:00","date_gmt":"2013-10-18T03:00:00","guid":{"rendered":"https:\/\/hostnetart.com.br\/baixada\/contraf-cut-garante-pcr-maior-para-bancarios-em-negociacao-com-itau\/"},"modified":"2013-10-18T00:00:00","modified_gmt":"2013-10-18T03:00:00","slug":"contraf-cut-garante-pcr-maior-para-bancarios-em-negociacao-com-itau","status":"publish","type":"post","link":"https:\/\/hostnetart.com.br\/baixada\/contraf-cut-garante-pcr-maior-para-bancarios-em-negociacao-com-itau\/","title":{"rendered":"Contraf-CUT garante PCR maior para banc\u00e1rios em negocia\u00e7\u00e3o com Ita\u00fa"},"content":{"rendered":"<p>Em negocia\u00e7\u00e3o espec\u00edfica realizada nesta quinta-feira (17), a Contraf-CUT, federa\u00e7\u00f5es e sindicatos, assessorada pela Comiss\u00e3o de Organiza\u00e7\u00e3o dos Empregados (COE), garantiu o valor total de R$ 4.030 para a Participa\u00e7\u00e3o Complementar nos Resultados (PCR), para o per\u00edodo de 2013 e 2014 aos funcion\u00e1rios do Ita\u00fa. A primeira parcela, de R$ 1.950 ser\u00e1 paga no dia 28 pr\u00f3ximo, junto com a antecipa\u00e7\u00e3o da PLR.<\/p>\n<p>\u00a0<\/p>\n<p>O acordo representa um reajuste de 8,33% no valor pago em 2012 que foi de R$ 1.800. O valor a ser creditado em 2014 ser\u00e1 de R$ 2.080, o que significa um reajuste de 6,67% sobre o montante de 2013.<br \/>\u201cAvan\u00e7amos muito nesta negocia\u00e7\u00e3o, Al\u00e9m de conseguirmos o reajuste do PCR reiteramos para o banco a import\u00e2ncia de rediscutir o atual modelo do PCR e reivindicamos a desvincula\u00e7\u00e3o da ROE\u201d, afirma Jair Alves, integrante da coordena\u00e7\u00e3o da COE do Ita\u00fa.<\/p>\n<p>\u00a0<\/p>\n<p>\u00a0<\/p>\n<p><strong>Aux\u00edlio Educa\u00e7\u00e3o<\/strong><\/p>\n<p>\u00a0<\/p>\n<p>Na negocia\u00e7\u00e3o tamb\u00e9m foi assegurada a melhoria do aux\u00edlio educa\u00e7\u00e3o, que ser\u00e1 composto por 5.500 bolsas, das quais 5 mil destinadas a banc\u00e1rios e 500 para trabalhadores n\u00e3o banc\u00e1rios da holding. O valor da bolsa ser\u00e1 de R$ 320.<\/p>\n<p>\u00a0<\/p>\n<p>\u201cA novidade \u00e9 que conquistamos a extens\u00e3o das bolsas para a segunda gradua\u00e7\u00e3o e p\u00f3s e tamb\u00e9m mantivemos a cota de 1.000 bolsas destinadas preferencialmente para pessoas com defici\u00eancia\u201d, afirma Wanderley Crivellari, integrante da coordena\u00e7\u00e3o da COE do Ita\u00fa.<br \/>Os dirigentes sindicais tamb\u00e9m cobraram do Ita\u00fa que os banc\u00e1rios afastados por motivo de sa\u00fade sejam eleg\u00edveis para o recebimento das bolsas. O banco ficou de avaliar a reivindica\u00e7\u00e3o.<\/p>\n<p>\u00a0<\/p>\n<p>\u00a0<\/p>\n<p><strong>Assembleia dos funcion\u00e1rios do Ita\u00fa at\u00e9 ter\u00e7a<\/strong><\/p>\n<p>\u00a0<\/p>\n<p>A Contraf-CUT divulgar\u00e1 orienta\u00e7\u00f5es aos sindicatos sobre a realiza\u00e7\u00e3o de assembleias dos funcion\u00e1rios do Ita\u00fa at\u00e9 a pr\u00f3xima ter\u00e7a-feira (22) para a aprova\u00e7\u00e3o da proposta de PCR e de aux\u00edlio-educa\u00e7\u00e3o.<\/p>\n<p>\u00a0<\/p>\n<p>\u00a0<\/p>\n<p><strong>Pauta espec\u00edfica de reivindica\u00e7\u00f5es<\/strong><\/p>\n<p>\u00a0<\/p>\n<p>Nos pr\u00f3ximos dias, a Contraf-CUT dever\u00e1 agendar novas negocia\u00e7\u00f5es para discutir a pauta espec\u00edfica de reivindica\u00e7\u00f5es, como emprego, programas pr\u00f3prios de remunera\u00e7\u00e3o, plano de sa\u00fade e reabilita\u00e7\u00e3o profissional, dentre outros.<\/p>\n<p>\u00a0<\/p>\n<p>Fonte: Contraf-CUT<\/p>\n","protected":false},"excerpt":{"rendered":"<p>Em negocia\u00e7\u00e3o espec\u00edfica realizada nesta quinta-feira (17), a Contraf-CUT, federa\u00e7\u00f5es e sindicatos, assessorada pela Comiss\u00e3o de Organiza\u00e7\u00e3o dos Empregados (COE), garantiu o valor total de R$ 4.030 para a Participa\u00e7\u00e3o Complementar nos Resultados (PCR), para o per\u00edodo de 2013 e 2014 aos funcion\u00e1rios do Ita\u00fa. A primeira parcela, de R$ 1.950 ser\u00e1 paga no dia [&hellip;]<\/p>\n","protected":false},"author":1,"featured_media":0,"comment_status":"","ping_status":"","sticky":false,"template":"","format":"standard","meta":{"footnotes":""},"categories":[3],"tags":[],"class_list":["post-1617","post","type-post","status-publish","format-standard","hentry","category-noticias"],"_links":{"self":[{"href":"https:\/\/hostnetart.com.br\/baixada\/wp-json\/wp\/v2\/posts\/1617","targetHints":{"allow":["GET"]}}],"collection":[{"href":"https:\/\/hostnetart.com.br\/baixada\/wp-json\/wp\/v2\/posts"}],"about":[{"href":"https:\/\/hostnetart.com.br\/baixada\/wp-json\/wp\/v2\/types\/post"}],"author":[{"embeddable":true,"href":"https:\/\/hostnetart.com.br\/baixada\/wp-json\/wp\/v2\/users\/1"}],"replies":[{"embeddable":true,"href":"https:\/\/hostnetart.com.br\/baixada\/wp-json\/wp\/v2\/comments?post=1617"}],"version-history":[{"count":0,"href":"https:\/\/hostnetart.com.br\/baixada\/wp-json\/wp\/v2\/posts\/1617\/revisions"}],"wp:attachment":[{"href":"https:\/\/hostnetart.com.br\/baixada\/wp-json\/wp\/v2\/media?parent=1617"}],"wp:term":[{"taxonomy":"category","embeddable":true,"href":"https:\/\/hostnetart.com.br\/baixada\/wp-json\/wp\/v2\/categories?post=1617"},{"taxonomy":"post_tag","embeddable":true,"href":"https:\/\/hostnetart.com.br\/baixada\/wp-json\/wp\/v2\/tags?post=1617"}],"curies":[{"name":"wp","href":"https:\/\/api.w.org\/{rel}","templated":true}]}}