{"id":16166,"date":"2025-02-13T13:45:51","date_gmt":"2025-02-13T16:45:51","guid":{"rendered":"https:\/\/hostnetart.com.br\/baixada\/santander-empregados-precisam-se-cadastrar-para-vacinacao\/"},"modified":"2025-02-13T13:45:51","modified_gmt":"2025-02-13T16:45:51","slug":"santander-empregados-precisam-se-cadastrar-para-vacinacao","status":"publish","type":"post","link":"https:\/\/hostnetart.com.br\/baixada\/santander-empregados-precisam-se-cadastrar-para-vacinacao\/","title":{"rendered":"Santander: empregados precisam se cadastrar para vacina\u00e7\u00e3o"},"content":{"rendered":"<p>O Santander iniciou o processo da campanha de vacina\u00e7\u00e3o contra a gripe deste ano. Todos os funcion\u00e1rios, da ativa e aposentados podem ser vacinados, mas para isso ter\u00e3o que preencher um formul\u00e1rio de ades\u00e3o \u00e0 campanha e aceitar o compartilhamento de seus dados.<\/p>\n<p>\u201c\u00c9 uma medida em respeito \u00e0 Lei Geral de Prote\u00e7\u00e3o de Dados Pessoais (LGPD), uma vez que o banco ter\u00e1 que compartilhar dados dos funcion\u00e1rios com a empresa que prestar\u00e1 os servi\u00e7os de vacina\u00e7\u00e3o e, provavelmente, informar o procedimento de imuniza\u00e7\u00e3o ao Minist\u00e9rio da Sa\u00fade\u201d, explicou a coordenadora Comiss\u00e3o de Organiza\u00e7\u00e3o dos Empregados (COE) do Santander, Wanessa de Queiroz.<\/p>\n<p>\u201cA preven\u00e7\u00e3o \u00e9 fundamental! Sabemos da import\u00e2ncia n\u00e3o apenas pessoal, mas tamb\u00e9m social da vacina\u00e7\u00e3o. Por isso, orientamos que todos que quiserem se vacinar fiquem atentos ao prazo de ades\u00e3o \u00e0 campanha para preencher o formul\u00e1rio e aceitar o compartilhamento das informa\u00e7\u00f5es\u201d, completou.<\/p>\n<p>Para fazer a ades\u00e3o \u00e0 campanha, os funcion\u00e1rios devem preencher o formul\u00e1rio no link:\u00a0<a href=\"https:\/\/forms.office.com\/e\/N0mtQSH95d\" target=\"_blank\" rel=\"noopener noreferrer\">https:\/\/forms.office.com\/e\/N0mtQSH95d<\/a>. A ades\u00e3o deve ser feita at\u00e9 o dia 28 de fevereiro.<\/p>\n<p>O Santander passar\u00e1 as demais informa\u00e7\u00f5es referentes \u00e0 campanha, como cronograma e rede de cl\u00ednicas credenciadas, mais pr\u00f3ximo \u00e0 data de in\u00edcio da vacina\u00e7\u00e3o, que est\u00e1 prevista para come\u00e7ar no in\u00edcio de abril.<\/p>\n<p><strong>Fonte: Contraf-CUT<\/strong><\/p>\n","protected":false},"excerpt":{"rendered":"<p>O Santander iniciou o processo da campanha de vacina\u00e7\u00e3o contra a gripe deste ano. Todos os funcion\u00e1rios, da ativa e aposentados podem ser vacinados, mas para isso ter\u00e3o que preencher um formul\u00e1rio de ades\u00e3o \u00e0 campanha e aceitar o compartilhamento de seus dados. \u201c\u00c9 uma medida em respeito \u00e0 Lei Geral de Prote\u00e7\u00e3o de Dados [&hellip;]<\/p>\n","protected":false},"author":2,"featured_media":16165,"comment_status":"","ping_status":"","sticky":false,"template":"","format":"standard","meta":{"footnotes":""},"categories":[3],"tags":[],"class_list":["post-16166","post","type-post","status-publish","format-standard","has-post-thumbnail","hentry","category-noticias"],"_links":{"self":[{"href":"https:\/\/hostnetart.com.br\/baixada\/wp-json\/wp\/v2\/posts\/16166","targetHints":{"allow":["GET"]}}],"collection":[{"href":"https:\/\/hostnetart.com.br\/baixada\/wp-json\/wp\/v2\/posts"}],"about":[{"href":"https:\/\/hostnetart.com.br\/baixada\/wp-json\/wp\/v2\/types\/post"}],"author":[{"embeddable":true,"href":"https:\/\/hostnetart.com.br\/baixada\/wp-json\/wp\/v2\/users\/2"}],"replies":[{"embeddable":true,"href":"https:\/\/hostnetart.com.br\/baixada\/wp-json\/wp\/v2\/comments?post=16166"}],"version-history":[{"count":0,"href":"https:\/\/hostnetart.com.br\/baixada\/wp-json\/wp\/v2\/posts\/16166\/revisions"}],"wp:featuredmedia":[{"embeddable":true,"href":"https:\/\/hostnetart.com.br\/baixada\/wp-json\/wp\/v2\/media\/16165"}],"wp:attachment":[{"href":"https:\/\/hostnetart.com.br\/baixada\/wp-json\/wp\/v2\/media?parent=16166"}],"wp:term":[{"taxonomy":"category","embeddable":true,"href":"https:\/\/hostnetart.com.br\/baixada\/wp-json\/wp\/v2\/categories?post=16166"},{"taxonomy":"post_tag","embeddable":true,"href":"https:\/\/hostnetart.com.br\/baixada\/wp-json\/wp\/v2\/tags?post=16166"}],"curies":[{"name":"wp","href":"https:\/\/api.w.org\/{rel}","templated":true}]}}