{"id":16152,"date":"2025-02-07T03:19:08","date_gmt":"2025-02-07T06:19:08","guid":{"rendered":"https:\/\/hostnetart.com.br\/baixada\/caixa-contraf-cut-solicita-antecipacao-da-plr\/"},"modified":"2025-02-07T03:19:08","modified_gmt":"2025-02-07T06:19:08","slug":"caixa-contraf-cut-solicita-antecipacao-da-plr","status":"publish","type":"post","link":"https:\/\/hostnetart.com.br\/baixada\/caixa-contraf-cut-solicita-antecipacao-da-plr\/","title":{"rendered":"Caixa: Contraf-CUT solicita antecipa\u00e7\u00e3o da PLR"},"content":{"rendered":"<\/p>\n<p>A Contraf-CUT enviou, na quarta-feira (5) um of\u00edcio \u00e0 Caixa Econ\u00f4mica Federal solicitando a antecipa\u00e7\u00e3o do pagamento da segunda parcela da Participa\u00e7\u00e3o nos Lucros ou Resultados (PLR) do banco referente aos resultados de 2024. A primeira parcela foi paga em setembro, logo ap\u00f3s a assinatura do Acordo Coletivo de Trabalho (ACT) espec\u00edfico da PLR do banco.<\/p>\n<p>Conforme o ACT da PLR da Caixa, o banco pode pagar a segunda parcela da PLR de 2024 at\u00e9 o dia 31 de mar\u00e7o.<\/p>\n<p>Em seu of\u00edcio, a Contraf-CUT ressalta que \u201cmuito embora a cl\u00e1usula sexta, par\u00e1grafo oitavo, do Acordo Coletivo de Trabalho (ACT) \u2013 PLR 2024 tenha previs\u00e3o de pagamento at\u00e9 o dia 31 de mar\u00e7o de 2025, sabe-se que nos meses de janeiro e fevereiro concentram-se as maiores despesas por parte dos trabalhadores, em raz\u00e3o da cobran\u00e7a de IPTU, IPVA, matr\u00edcula e material escolar, entre outras, raz\u00e3o pela qual se justifica a solicita\u00e7\u00e3o para que o banco fa\u00e7a o pagamento em data antecipada\u201d.<\/p>\n<p>\u201cO pagamento antecipado da PLR ajuda a desafogar as empregadas e empregados, que neste come\u00e7o de ano veem as contas aumentar devido as despesas sazonais\u201d, refor\u00e7ou o diretor da Contraf-CUT e coordenador da Comiss\u00e3o Executiva dos Empregados (CEE) da Caixa, Rafael de Castro. \u201cEsperamos que o pagamento seja efetuado o quanto antes, como um reconhecimento do esfor\u00e7o das empregadas e empregados, que trabalham com sobrecarga, estrutura inadequada, problemas nos sistemas operacionais e sob forte press\u00e3o pelo cumprimento de metas, o que os leva ao adoecimento\u201d, completou.<\/p>\n<p><b>Fonte: Contraf-CUT<\/b><\/p>\n","protected":false},"excerpt":{"rendered":"<p>A Contraf-CUT enviou, na quarta-feira (5) um of\u00edcio \u00e0 Caixa Econ\u00f4mica Federal solicitando a antecipa\u00e7\u00e3o do pagamento da segunda parcela da Participa\u00e7\u00e3o nos Lucros ou Resultados (PLR) do banco referente aos resultados de 2024. A primeira parcela foi paga em setembro, logo ap\u00f3s a assinatura do Acordo Coletivo de Trabalho (ACT) espec\u00edfico da PLR do [&hellip;]<\/p>\n","protected":false},"author":2,"featured_media":16151,"comment_status":"","ping_status":"","sticky":false,"template":"","format":"standard","meta":{"footnotes":""},"categories":[3],"tags":[],"class_list":["post-16152","post","type-post","status-publish","format-standard","has-post-thumbnail","hentry","category-noticias"],"_links":{"self":[{"href":"https:\/\/hostnetart.com.br\/baixada\/wp-json\/wp\/v2\/posts\/16152","targetHints":{"allow":["GET"]}}],"collection":[{"href":"https:\/\/hostnetart.com.br\/baixada\/wp-json\/wp\/v2\/posts"}],"about":[{"href":"https:\/\/hostnetart.com.br\/baixada\/wp-json\/wp\/v2\/types\/post"}],"author":[{"embeddable":true,"href":"https:\/\/hostnetart.com.br\/baixada\/wp-json\/wp\/v2\/users\/2"}],"replies":[{"embeddable":true,"href":"https:\/\/hostnetart.com.br\/baixada\/wp-json\/wp\/v2\/comments?post=16152"}],"version-history":[{"count":0,"href":"https:\/\/hostnetart.com.br\/baixada\/wp-json\/wp\/v2\/posts\/16152\/revisions"}],"wp:featuredmedia":[{"embeddable":true,"href":"https:\/\/hostnetart.com.br\/baixada\/wp-json\/wp\/v2\/media\/16151"}],"wp:attachment":[{"href":"https:\/\/hostnetart.com.br\/baixada\/wp-json\/wp\/v2\/media?parent=16152"}],"wp:term":[{"taxonomy":"category","embeddable":true,"href":"https:\/\/hostnetart.com.br\/baixada\/wp-json\/wp\/v2\/categories?post=16152"},{"taxonomy":"post_tag","embeddable":true,"href":"https:\/\/hostnetart.com.br\/baixada\/wp-json\/wp\/v2\/tags?post=16152"}],"curies":[{"name":"wp","href":"https:\/\/api.w.org\/{rel}","templated":true}]}}