{"id":16150,"date":"2025-02-07T03:16:41","date_gmt":"2025-02-07T06:16:41","guid":{"rendered":"https:\/\/hostnetart.com.br\/baixada\/contraf-cut-vai-a-brasilia-defender-direitos-de-trabalhadores-de-cooperativas-de-credito\/"},"modified":"2025-02-07T03:16:41","modified_gmt":"2025-02-07T06:16:41","slug":"contraf-cut-vai-a-brasilia-defender-direitos-de-trabalhadores-de-cooperativas-de-credito","status":"publish","type":"post","link":"https:\/\/hostnetart.com.br\/baixada\/contraf-cut-vai-a-brasilia-defender-direitos-de-trabalhadores-de-cooperativas-de-credito\/","title":{"rendered":"Contraf-CUT vai \u00e0 Bras\u00edlia defender direitos de trabalhadores de cooperativas de cr\u00e9dito"},"content":{"rendered":"<p>\u00a0<\/p>\n<p>A presidenta da Confedera\u00e7\u00e3o Nacional dos Trabalhadores do Ramo Financeiro (Contraf-CUT), Juvandia Moreira, juntamente com representantes do Sindicato dos Banc\u00e1rios de Barretos e Regi\u00e3o (Seeb\/Barretos), interior de S\u00e3o Paulo, e o deputado estadual Luiz Marcolino (PT-SP), se reuniu nesta quinta-feira (6) com o Ministro de Secretaria de Rela\u00e7\u00f5es Institucionais da Presid\u00eancia da Rep\u00fablica, Alexandre Padilha, para tratar sobre a garantia da representa\u00e7\u00e3o dos trabalhadores de cooperativas de cr\u00e9dito que trabalham nas cidades da base sindical do Seeb\/Barretos pela entidade.<\/p>\n<p>\u201cFomos recebidos pelo ministro Padilha, que nos ouviu a respeito da garantia da representa\u00e7\u00e3o dos trabalhadores de cooperativas de cr\u00e9dito pelo Sindicato dos Banc\u00e1rios de Barretos e Regi\u00e3o, que sempre representou estes trabalhadores\u201d, informou Juvandia.<\/p>\n<p>Cooperativas da regi\u00e3o, como a Sicredi e a Sicoob est\u00e3o interferindo no direito de representa\u00e7\u00e3o sindical de seus empregados. \u201cS\u00f3 para enfraquecer a representa\u00e7\u00e3o e diminuir os direitos dos trabalhadores\u201d, disse a presidenta da Contraf-CUT, acrescentando que isto vem acontecendo em v\u00e1rios lugares do Brasil.<\/p>\n<p>\u201cA Conven\u00e7\u00e3o Coletiva e o Acordo Coletivo negociados pelos sindicatos dos banc\u00e1rios t\u00eam que ser respeitados porque s\u00e3o estas entidades que representam esses trabalhadores. E foi sobre isso que conversamos com o ministro Padilha, sobre estes desvios e sobre a necessidade de voc\u00ea manter uma simetria, porque um banco cooperativo, como s\u00e3o esses sistemas da Sicoob e da Sicredi, tem que respeitar os direitos dos trabalhadores\u201d destacou a presidenta da Contraf-CUT.<\/p>\n<p>A defini\u00e7\u00e3o de qual sindicato deve representar seus funcion\u00e1rios \u00e9 uma pr\u00e1tica que pode ser considerada como uma medita antissindical, que visa escolher o sindicato com menor poder de negocia\u00e7\u00e3o e legitimidade para defender os direitos dos trabalhadores.<\/p>\n<p><b>Fonte: Contraf-CUT<\/b><\/p>\n","protected":false},"excerpt":{"rendered":"<p>\u00a0 A presidenta da Confedera\u00e7\u00e3o Nacional dos Trabalhadores do Ramo Financeiro (Contraf-CUT), Juvandia Moreira, juntamente com representantes do Sindicato dos Banc\u00e1rios de Barretos e Regi\u00e3o (Seeb\/Barretos), interior de S\u00e3o Paulo, e o deputado estadual Luiz Marcolino (PT-SP), se reuniu nesta quinta-feira (6) com o Ministro de Secretaria de Rela\u00e7\u00f5es Institucionais da Presid\u00eancia da Rep\u00fablica, Alexandre [&hellip;]<\/p>\n","protected":false},"author":2,"featured_media":16149,"comment_status":"","ping_status":"","sticky":false,"template":"","format":"standard","meta":{"footnotes":""},"categories":[3],"tags":[],"class_list":["post-16150","post","type-post","status-publish","format-standard","has-post-thumbnail","hentry","category-noticias"],"_links":{"self":[{"href":"https:\/\/hostnetart.com.br\/baixada\/wp-json\/wp\/v2\/posts\/16150","targetHints":{"allow":["GET"]}}],"collection":[{"href":"https:\/\/hostnetart.com.br\/baixada\/wp-json\/wp\/v2\/posts"}],"about":[{"href":"https:\/\/hostnetart.com.br\/baixada\/wp-json\/wp\/v2\/types\/post"}],"author":[{"embeddable":true,"href":"https:\/\/hostnetart.com.br\/baixada\/wp-json\/wp\/v2\/users\/2"}],"replies":[{"embeddable":true,"href":"https:\/\/hostnetart.com.br\/baixada\/wp-json\/wp\/v2\/comments?post=16150"}],"version-history":[{"count":0,"href":"https:\/\/hostnetart.com.br\/baixada\/wp-json\/wp\/v2\/posts\/16150\/revisions"}],"wp:featuredmedia":[{"embeddable":true,"href":"https:\/\/hostnetart.com.br\/baixada\/wp-json\/wp\/v2\/media\/16149"}],"wp:attachment":[{"href":"https:\/\/hostnetart.com.br\/baixada\/wp-json\/wp\/v2\/media?parent=16150"}],"wp:term":[{"taxonomy":"category","embeddable":true,"href":"https:\/\/hostnetart.com.br\/baixada\/wp-json\/wp\/v2\/categories?post=16150"},{"taxonomy":"post_tag","embeddable":true,"href":"https:\/\/hostnetart.com.br\/baixada\/wp-json\/wp\/v2\/tags?post=16150"}],"curies":[{"name":"wp","href":"https:\/\/api.w.org\/{rel}","templated":true}]}}