{"id":1615,"date":"2013-10-16T00:00:00","date_gmt":"2013-10-16T03:00:00","guid":{"rendered":"https:\/\/hostnetart.com.br\/baixada\/assembleia-geral-extraordinaria-dia-18-de-outubro\/"},"modified":"2013-10-16T00:00:00","modified_gmt":"2013-10-16T03:00:00","slug":"assembleia-geral-extraordinaria-dia-18-de-outubro","status":"publish","type":"post","link":"https:\/\/hostnetart.com.br\/baixada\/assembleia-geral-extraordinaria-dia-18-de-outubro\/","title":{"rendered":"ASSEMBLEIA GERAL EXTRAORDIN\u00c1RIA DIA 18 DE OUTUBRO"},"content":{"rendered":"<p><strong>EDITAL ASSEMBLEIA GERAL EXTRAORDIN\u00c1RIA<\/strong><\/p>\n<p><strong>Sindicato dos Empregados em Estabelecimentos Banc\u00e1rios da Baixada Fluminense, inscrito no CNPJ\/MF sob o n\u00ba28750016\/0001, por seus\u00a0Coordenadores abaixo assinado, convoca todos os empregados de bancos p\u00fablicos e privados\u00a0da base territorial deste sindicato, nos munic\u00edpios da Baixada Fluminense para a assembleia\u00a0 geral\u00a0 extraordin\u00e1ria\u00a0\u00a0 que\u00a0 se\u00a0\u00a0 realizar\u00e1 dia 18 de outubro de 2013, \u00e0s 18:00h, em primeira convoca\u00e7\u00e3o, e \u00e0s 18:30h, em segunda convoca\u00e7\u00e3o, no endere\u00e7o \u00e0 Rua Professor Henrique Ferreira Gomes n\u00ba179, Centro , Duque de Caxias, para discuss\u00e3o e delibera\u00e7\u00e3o acerca da seguinte ordem do dia:<\/strong><\/p>\n<p>\u00a0<\/p>\n<p><strong>1. Delibera\u00e7\u00e3o sobre desconto a ser feito nos sal\u00e1rios dos empregados em raz\u00e3o da celebra\u00e7\u00e3o de conven\u00e7\u00e3o\/acordo coletivo de trabalho 2013\/2014;<\/strong><\/p>\n<p>\u00a0<\/p>\n<p><strong>Duque de Caxias,\u00a015\u00a0 de outubro de 2013.<\/strong><\/p>\n<p><strong>Jos\u00e9 La\u00e9rcio, Pedro Batista e Alcyon Vicente<\/strong><\/p>\n","protected":false},"excerpt":{"rendered":"<p>EDITAL ASSEMBLEIA GERAL EXTRAORDIN\u00c1RIA Sindicato dos Empregados em Estabelecimentos Banc\u00e1rios da Baixada Fluminense, inscrito no CNPJ\/MF sob o n\u00ba28750016\/0001, por seus\u00a0Coordenadores abaixo assinado, convoca todos os empregados de bancos p\u00fablicos e privados\u00a0da base territorial deste sindicato, nos munic\u00edpios da Baixada Fluminense para a assembleia\u00a0 geral\u00a0 extraordin\u00e1ria\u00a0\u00a0 que\u00a0 se\u00a0\u00a0 realizar\u00e1 dia 18 de outubro de 2013, [&hellip;]<\/p>\n","protected":false},"author":1,"featured_media":0,"comment_status":"","ping_status":"","sticky":false,"template":"","format":"standard","meta":{"footnotes":""},"categories":[3],"tags":[],"class_list":["post-1615","post","type-post","status-publish","format-standard","hentry","category-noticias"],"_links":{"self":[{"href":"https:\/\/hostnetart.com.br\/baixada\/wp-json\/wp\/v2\/posts\/1615","targetHints":{"allow":["GET"]}}],"collection":[{"href":"https:\/\/hostnetart.com.br\/baixada\/wp-json\/wp\/v2\/posts"}],"about":[{"href":"https:\/\/hostnetart.com.br\/baixada\/wp-json\/wp\/v2\/types\/post"}],"author":[{"embeddable":true,"href":"https:\/\/hostnetart.com.br\/baixada\/wp-json\/wp\/v2\/users\/1"}],"replies":[{"embeddable":true,"href":"https:\/\/hostnetart.com.br\/baixada\/wp-json\/wp\/v2\/comments?post=1615"}],"version-history":[{"count":0,"href":"https:\/\/hostnetart.com.br\/baixada\/wp-json\/wp\/v2\/posts\/1615\/revisions"}],"wp:attachment":[{"href":"https:\/\/hostnetart.com.br\/baixada\/wp-json\/wp\/v2\/media?parent=1615"}],"wp:term":[{"taxonomy":"category","embeddable":true,"href":"https:\/\/hostnetart.com.br\/baixada\/wp-json\/wp\/v2\/categories?post=1615"},{"taxonomy":"post_tag","embeddable":true,"href":"https:\/\/hostnetart.com.br\/baixada\/wp-json\/wp\/v2\/tags?post=1615"}],"curies":[{"name":"wp","href":"https:\/\/api.w.org\/{rel}","templated":true}]}}