{"id":16140,"date":"2025-02-06T03:39:23","date_gmt":"2025-02-06T06:39:23","guid":{"rendered":"https:\/\/hostnetart.com.br\/baixada\/bb-atende-movimento-sindical-e-instala-grupo-de-trabalho-sobre-demandas-de-incorporados\/"},"modified":"2025-02-06T03:39:23","modified_gmt":"2025-02-06T06:39:23","slug":"bb-atende-movimento-sindical-e-instala-grupo-de-trabalho-sobre-demandas-de-incorporados","status":"publish","type":"post","link":"https:\/\/hostnetart.com.br\/baixada\/bb-atende-movimento-sindical-e-instala-grupo-de-trabalho-sobre-demandas-de-incorporados\/","title":{"rendered":"BB atende movimento sindical e instala grupo de trabalho sobre demandas de incorporados"},"content":{"rendered":"<\/p>\n<p>Nesta quarta-feira (5), representantes do Banco do Brasil se reuniram com representantes da Comiss\u00e3o de Empresa dos Funcion\u00e1rios do Banco do Brasil (CEBB) para anunciar a cria\u00e7\u00e3o de<strong> <a href=\"https:\/\/contrafcut.com.br\/noticias\/bb-sindicatos-pedem-instalacao-de-grupo-de-trabalho-sobre-demandas-de-incorporados\/\" target=\"_blank\" rel=\"noopener noreferrer\">Grupo de Trabalho (GT) totalmente voltado para os impasses sobre a integra\u00e7\u00e3o dos funcion\u00e1rios de bancos incorporados <\/a><\/strong>aos planos de previd\u00eancia da Previ e de assist\u00eancia m\u00e9dica da Cassi. Os porta-vozes da empresa tamb\u00e9m reafirmaram que <strong>o banco quer apresentar, at\u00e9 o dia 31 de julho, uma solu\u00e7\u00e3o definitiva<\/strong>.<\/p>\n<p>Entre 2008 e 2009, o BB incorporou o Banco Nossa Caixa (BNC), o Banco do Estado de Santa Catarina (Besc) e o Banco do Estado do Piau\u00ed (BEP). <strong>No processo de integra\u00e7\u00e3o, os empregos foram mantidos, mas, at\u00e9 hoje, os egressos dessas empresas n\u00e3o tiveram acesso aos mesmos benef\u00edcios da Cassi e Previ<\/strong>.<\/p>\n<p><strong>\u201cH\u00e1 pelo menos 17 anos o movimento sindical banc\u00e1rio luta por isonomia<\/strong>, ou seja, tratamento igual para todos os colegas\u201d, ressaltou a coordenadora da CEBB, <strong>Fernanda Lopes<\/strong>. \u201cNossa expectativa, sobre as propostas que o BB se compromete a apresentar no dia 31 e julho, para o acesso dos incorporados \u00e0 Previ e \u00e0 Cassi, nos moldes dos demais colegas, \u00e9 muito grande. Mas essas propostas n\u00e3o podem ser constru\u00eddas sem a participa\u00e7\u00e3o dos trabalhadores que, h\u00e1 tantos anos, lutam para a solu\u00e7\u00e3o dessas pend\u00eancias e conhecem as especificidades das v\u00e1rias condi\u00e7\u00f5es dos egressos. <strong>Somente com esse di\u00e1logo vamos conseguir construir uma solu\u00e7\u00e3o definitiva e sustent\u00e1vel para o processo de integra\u00e7\u00e3o e migra\u00e7\u00e3o\u201d<\/strong>, completou.<\/p>\n<p>O representante da Fetrafi-SC na CEBB, <strong>Marcelo Peres<\/strong>, destacou que a categoria carrega uma ansiedade acumulada em anos para o fim da discrimina\u00e7\u00e3o de tratamento. \u201cEntendemos que existem pontos complexos para solucionar, em especial em rela\u00e7\u00e3o \u00e0 assist\u00eancia de sa\u00fade, mas <strong>estamos falando de colegas que contribuem com os resultados do BB, assim como os demais, mas que n\u00e3o t\u00eam, at\u00e9 hoje, o acesso aos mesmos benef\u00edcios<\/strong>\u201c, pontuou.<\/p>\n<p><strong>Ant\u00f4nio Netto<\/strong>, representante da Fetec-CUT\/SP na CEBB, ponderou que, <strong>como respons\u00e1vel direto pelas incorpora\u00e7\u00f5es, o BB tamb\u00e9m tem a responsabilidade sobre o custeio das transi\u00e7\u00f5es de planos<\/strong>. \u201cN\u00f3s, do movimento sindical, temos durante todo o tempo desse debate refor\u00e7ado alguns princ\u00edpios e o primeiro deles \u00e9 que todos os colegas tenham acesso aos mesmos planos de previd\u00eancia e sa\u00fade, entendendo que os benef\u00edcios devem ser concedidos de forma igualit\u00e1ria, mas garantindo a sustentabilidade e zelo da Cassi e Previ\u201d, observou.<\/p>\n<p>O dirigente do Sindicato dos Banc\u00e1rios de Chapec\u00f3 e Regi\u00e3o e suplente da Fetrafi-SC na CEBB,\u00a0<strong>Sebasti\u00e3o de Araujo<\/strong>\u00a0chamou a aten\u00e7\u00e3o para a necessidade de ampliar a rede de atendimento da Cassi e as CliniCassi. \u201cA solu\u00e7\u00e3o para a assist\u00eancia \u00e0 sa\u00fade \u00e9 mais complexa. Ent\u00e3o, essa i<strong>ntegra\u00e7\u00e3o precisa ser pensada com a amplia\u00e7\u00e3o<\/strong>, para que os colegas incorporados, e hoje atendidos por outro plano, n\u00e3o sejam prejudicados quando forem integrados \u00e0 Cassi\u201d, completou.<\/p>\n<p><strong>Maria Aparecida, a Cidinha<\/strong>, representante da Feeb-SP\/MS na CEBB, foi taxativa ao lembrar que milhares de funcion\u00e1rios egressos dos bancos incorporados pelo BB ainda s\u00e3o tratados de forma desigual. \u201cTemos cerca de nove mil colegas nesta condi\u00e7\u00e3o. Essa discrimina\u00e7\u00e3o d\u00f3i. N\u00f3s, do movimento sindical, estamos abertos para conversar e temos maturidade para alcan\u00e7ar um consenso. Mas <strong>sabemos que a solu\u00e7\u00e3o depende de vontade pol\u00edtica, da vontade de fazer acontecer por parte do banco<\/strong>\u201c, concluiu.<\/p>\n<p><strong>Fonte: Contraf-CUT<\/strong><\/p>\n","protected":false},"excerpt":{"rendered":"<p>Nesta quarta-feira (5), representantes do Banco do Brasil se reuniram com representantes da Comiss\u00e3o de Empresa dos Funcion\u00e1rios do Banco do Brasil (CEBB) para anunciar a cria\u00e7\u00e3o de Grupo de Trabalho (GT) totalmente voltado para os impasses sobre a integra\u00e7\u00e3o dos funcion\u00e1rios de bancos incorporados aos planos de previd\u00eancia da Previ e de assist\u00eancia m\u00e9dica [&hellip;]<\/p>\n","protected":false},"author":2,"featured_media":16139,"comment_status":"","ping_status":"","sticky":false,"template":"","format":"standard","meta":{"footnotes":""},"categories":[3],"tags":[],"class_list":["post-16140","post","type-post","status-publish","format-standard","has-post-thumbnail","hentry","category-noticias"],"_links":{"self":[{"href":"https:\/\/hostnetart.com.br\/baixada\/wp-json\/wp\/v2\/posts\/16140","targetHints":{"allow":["GET"]}}],"collection":[{"href":"https:\/\/hostnetart.com.br\/baixada\/wp-json\/wp\/v2\/posts"}],"about":[{"href":"https:\/\/hostnetart.com.br\/baixada\/wp-json\/wp\/v2\/types\/post"}],"author":[{"embeddable":true,"href":"https:\/\/hostnetart.com.br\/baixada\/wp-json\/wp\/v2\/users\/2"}],"replies":[{"embeddable":true,"href":"https:\/\/hostnetart.com.br\/baixada\/wp-json\/wp\/v2\/comments?post=16140"}],"version-history":[{"count":0,"href":"https:\/\/hostnetart.com.br\/baixada\/wp-json\/wp\/v2\/posts\/16140\/revisions"}],"wp:featuredmedia":[{"embeddable":true,"href":"https:\/\/hostnetart.com.br\/baixada\/wp-json\/wp\/v2\/media\/16139"}],"wp:attachment":[{"href":"https:\/\/hostnetart.com.br\/baixada\/wp-json\/wp\/v2\/media?parent=16140"}],"wp:term":[{"taxonomy":"category","embeddable":true,"href":"https:\/\/hostnetart.com.br\/baixada\/wp-json\/wp\/v2\/categories?post=16140"},{"taxonomy":"post_tag","embeddable":true,"href":"https:\/\/hostnetart.com.br\/baixada\/wp-json\/wp\/v2\/tags?post=16140"}],"curies":[{"name":"wp","href":"https:\/\/api.w.org\/{rel}","templated":true}]}}