{"id":1614,"date":"2013-10-16T00:00:00","date_gmt":"2013-10-16T03:00:00","guid":{"rendered":"https:\/\/hostnetart.com.br\/baixada\/luta-da-cut-contra-o-projeto-da-terceirizacao-conquista-apoios-internacionais\/"},"modified":"2013-10-16T00:00:00","modified_gmt":"2013-10-16T03:00:00","slug":"luta-da-cut-contra-o-projeto-da-terceirizacao-conquista-apoios-internacionais","status":"publish","type":"post","link":"https:\/\/hostnetart.com.br\/baixada\/luta-da-cut-contra-o-projeto-da-terceirizacao-conquista-apoios-internacionais\/","title":{"rendered":"Luta da CUT contra o projeto da terceiriza\u00e7\u00e3o conquista apoios internacionais"},"content":{"rendered":"<p>A luta da CUT contra o PL 4330 j\u00e1 tem apoios fora do Brasil. Durante confer\u00eancia internacional da GLU (Global Labour University), que reuniu sindicalistas, ativistas, professores e pesquisadores de 30 pa\u00edses, em Mumbai, na \u00cdndia, no final de setembro, os participantes disseram \u201cn\u00e3o\u201d ao projeto que amplia a terceiriza\u00e7\u00e3o e prejudica toda a classe trabalhadora brasileira. O evento teve a participa\u00e7\u00e3o da CUT.<\/p>\n<p>\u00a0<\/p>\n<p>Durante um dos pain\u00e9is paralelos que debateram os desafios do movimento sindical em cada pa\u00eds, a dirigente da Contraf-CUT J\u00f4 Portilho falou sobre o PL 4330 e a luta da Central brasileira contra a aprova\u00e7\u00e3o do texto, que tramita na C\u00e2mara dos Deputados.<\/p>\n<p>\u00a0<\/p>\n<p>A luta dos brasileiros, al\u00e9m de receber a solidariedade dos demais participantes da confer\u00eancia e de ex-alunos da GLU, conquistou o apoio de sindicalistas de diversos pa\u00edses, que protestaram se deixando fotografar com cartazes improvisados nos quais escreveram o nome do pa\u00eds de origem e o protesto: \u201cdiz n\u00e3o ao PL 4330\u2033.<\/p>\n<p>\u00a0<\/p>\n<p>\u00a0<\/p>\n<p><strong>Rede mundial<\/strong><\/p>\n<p>\u00a0<\/p>\n<p>A Global Labour University \u00e9 um programa de forma\u00e7\u00e3o acad\u00eamica para sindicalistas e militantes das causas do trabalho. Iniciado em 2004, na Universidade de Kassel\/Escola de Economia de Berlim, o programa conta atualmente com quatro campi (\u00cdndia, \u00c1frica do Sul e Brasil, al\u00e9m da Alemanha) e, a partir de 2014, passar\u00e1 a funcionar tamb\u00e9m em uma universidade dos Estados Unidos.<\/p>\n<p>\u00a0<\/p>\n<p>Os alunos que completam o curso de mestrado e o de p\u00f3s-gradua\u00e7\u00e3o continuam ligados \u00e0 Rede GLU de estudos e pesquisas sobre o mundo do trabalho e se re\u00fanem anualmente no AARS, uma esp\u00e9cie de curso compacto para atualiza\u00e7\u00e3o das atividades e desenvolvimento dos grupos de pesquisa sobre temas espec\u00edficos, como rela\u00e7\u00f5es de g\u00eanero, desigualdade social e representa\u00e7\u00e3o de trabalhadores.<\/p>\n<p>\u00a0<\/p>\n<p>Esses encontros internacionais funcionam como uma esp\u00e9cie de extens\u00e3o das confer\u00eancias internacionais organizadas pelo ICDD (International Center for Development and Decent Work), que envolvem ex-alunos da Rede GLU, al\u00e9m de professores de diferentes universidades de todo o mundo e, centrais sindicais. A CUT \u00e9 a parceira do programa da GLU no Brasil e participa das confer\u00eancias.<\/p>\n<p>\u00a0<\/p>\n<p>O tema da Confer\u00eancia Internacional de 2013 em Mumbai foi \u201cThe Roles of Food, Work and Cash in Overcoming Poverty\u201d (Os pap\u00e9isdo alimento, do trabalho e do dinheiro na Supera\u00e7\u00e3o da Pobreza \u2013 em tradu\u00e7\u00e3o livre) e aconteceu no TISS (Tata Institute of Social Sciences). Sindicalistas, pesquisadores, professores de mais de 30 pa\u00edses discutiram o tema e propuseram algumas formas de luta por mudan\u00e7as.<\/p>\n<p>\u00a0<\/p>\n<p>Fonte: CUT Nacional<\/p>\n","protected":false},"excerpt":{"rendered":"<p>A luta da CUT contra o PL 4330 j\u00e1 tem apoios fora do Brasil. Durante confer\u00eancia internacional da GLU (Global Labour University), que reuniu sindicalistas, ativistas, professores e pesquisadores de 30 pa\u00edses, em Mumbai, na \u00cdndia, no final de setembro, os participantes disseram \u201cn\u00e3o\u201d ao projeto que amplia a terceiriza\u00e7\u00e3o e prejudica toda a classe [&hellip;]<\/p>\n","protected":false},"author":1,"featured_media":0,"comment_status":"","ping_status":"","sticky":false,"template":"","format":"standard","meta":{"footnotes":""},"categories":[3],"tags":[],"class_list":["post-1614","post","type-post","status-publish","format-standard","hentry","category-noticias"],"_links":{"self":[{"href":"https:\/\/hostnetart.com.br\/baixada\/wp-json\/wp\/v2\/posts\/1614","targetHints":{"allow":["GET"]}}],"collection":[{"href":"https:\/\/hostnetart.com.br\/baixada\/wp-json\/wp\/v2\/posts"}],"about":[{"href":"https:\/\/hostnetart.com.br\/baixada\/wp-json\/wp\/v2\/types\/post"}],"author":[{"embeddable":true,"href":"https:\/\/hostnetart.com.br\/baixada\/wp-json\/wp\/v2\/users\/1"}],"replies":[{"embeddable":true,"href":"https:\/\/hostnetart.com.br\/baixada\/wp-json\/wp\/v2\/comments?post=1614"}],"version-history":[{"count":0,"href":"https:\/\/hostnetart.com.br\/baixada\/wp-json\/wp\/v2\/posts\/1614\/revisions"}],"wp:attachment":[{"href":"https:\/\/hostnetart.com.br\/baixada\/wp-json\/wp\/v2\/media?parent=1614"}],"wp:term":[{"taxonomy":"category","embeddable":true,"href":"https:\/\/hostnetart.com.br\/baixada\/wp-json\/wp\/v2\/categories?post=1614"},{"taxonomy":"post_tag","embeddable":true,"href":"https:\/\/hostnetart.com.br\/baixada\/wp-json\/wp\/v2\/tags?post=1614"}],"curies":[{"name":"wp","href":"https:\/\/api.w.org\/{rel}","templated":true}]}}