{"id":16136,"date":"2025-02-05T13:44:29","date_gmt":"2025-02-05T16:44:29","guid":{"rendered":"https:\/\/hostnetart.com.br\/baixada\/sindicato-dos-bancarios-da-baixada-fluminense-se-reune-com-gerente-regional-do-bradesco\/"},"modified":"2025-02-05T13:44:29","modified_gmt":"2025-02-05T16:44:29","slug":"sindicato-dos-bancarios-da-baixada-fluminense-se-reune-com-gerente-regional-do-bradesco","status":"publish","type":"post","link":"https:\/\/hostnetart.com.br\/baixada\/sindicato-dos-bancarios-da-baixada-fluminense-se-reune-com-gerente-regional-do-bradesco\/","title":{"rendered":"Sindicato dos Banc\u00e1rios da Baixada Fluminense se re\u00fane com Gerente Regional do Bradesco"},"content":{"rendered":"<p>O Sindicato dos Banc\u00e1rios da Baixada Fluminense, atrav\u00e9s dos Coordenadores Gerais Pedro Batista e Renata Soeiro, se reuniu com\u00a0Renata Luciana,\u00a0Gerente Regional Nova Igua\u00e7u, do Banco Bradesco.<\/p>\n<p>A reuni\u00e3o ocorreu na ter\u00e7a-feira, 4 de fevereiro, e teve como objetivo debater a situa\u00e7\u00e3o dos funcion\u00e1rios e funcion\u00e1rias da\u00a0ag\u00eancia 2051, em Vilar dos Teles, S\u00e3o Jo\u00e3o de Meriti, que ser\u00e1 transformada em Unidade de Neg\u00f3cios.<\/p>\n<p>A mudan\u00e7a est\u00e1 prevista para mar\u00e7o, segundo informa\u00e7\u00f5es.<\/p>\n<p>A Gerente Regional recebeu as reivindica\u00e7\u00f5es do Sindicato e ficou de lev\u00e1-las para a dire\u00e7\u00e3o do banco.<\/p>\n<p>Segundo Renata Luciana, n\u00e3o existe previs\u00e3o, neste momento, de demiss\u00f5es na ag\u00eancia em quest\u00e3o. E que, inclusive, j\u00e1 h\u00e1 casos recentes de promo\u00e7\u00e3o de cargo, na ag\u00eancia de Vilar dos Teles.<\/p>\n<p><span style=\"text-decoration: underline;\"><strong>PROTESTO<\/strong><\/span><\/p>\n<p>No mesmo dia 4, o Sindicato esteve na ag\u00eancia para protestar contra essa mudan\u00e7a, que far\u00e1 com que\u00a0o atendimento banc\u00e1rio\u00a0fique\u00a0mais inseguro, e com os clientes e funcion\u00e1rios enfrentando o medo de poss\u00edveis assaltos.<\/p>\n<p>O ato foi muito bem recebido por todos os presentes.<\/p>\n<p>O Sindicato ir\u00e1\u00a0acompanhar\u00a0cada banc\u00e1rio e banc\u00e1ria, caso a caso, que trabalha na ag\u00eancia.<\/p>\n","protected":false},"excerpt":{"rendered":"<p>O Sindicato dos Banc\u00e1rios da Baixada Fluminense, atrav\u00e9s dos Coordenadores Gerais Pedro Batista e Renata Soeiro, se reuniu com\u00a0Renata Luciana,\u00a0Gerente Regional Nova Igua\u00e7u, do Banco Bradesco. A reuni\u00e3o ocorreu na ter\u00e7a-feira, 4 de fevereiro, e teve como objetivo debater a situa\u00e7\u00e3o dos funcion\u00e1rios e funcion\u00e1rias da\u00a0ag\u00eancia 2051, em Vilar dos Teles, S\u00e3o Jo\u00e3o de Meriti, [&hellip;]<\/p>\n","protected":false},"author":2,"featured_media":16135,"comment_status":"","ping_status":"","sticky":false,"template":"","format":"standard","meta":{"footnotes":""},"categories":[3],"tags":[],"class_list":["post-16136","post","type-post","status-publish","format-standard","has-post-thumbnail","hentry","category-noticias"],"_links":{"self":[{"href":"https:\/\/hostnetart.com.br\/baixada\/wp-json\/wp\/v2\/posts\/16136","targetHints":{"allow":["GET"]}}],"collection":[{"href":"https:\/\/hostnetart.com.br\/baixada\/wp-json\/wp\/v2\/posts"}],"about":[{"href":"https:\/\/hostnetart.com.br\/baixada\/wp-json\/wp\/v2\/types\/post"}],"author":[{"embeddable":true,"href":"https:\/\/hostnetart.com.br\/baixada\/wp-json\/wp\/v2\/users\/2"}],"replies":[{"embeddable":true,"href":"https:\/\/hostnetart.com.br\/baixada\/wp-json\/wp\/v2\/comments?post=16136"}],"version-history":[{"count":0,"href":"https:\/\/hostnetart.com.br\/baixada\/wp-json\/wp\/v2\/posts\/16136\/revisions"}],"wp:featuredmedia":[{"embeddable":true,"href":"https:\/\/hostnetart.com.br\/baixada\/wp-json\/wp\/v2\/media\/16135"}],"wp:attachment":[{"href":"https:\/\/hostnetart.com.br\/baixada\/wp-json\/wp\/v2\/media?parent=16136"}],"wp:term":[{"taxonomy":"category","embeddable":true,"href":"https:\/\/hostnetart.com.br\/baixada\/wp-json\/wp\/v2\/categories?post=16136"},{"taxonomy":"post_tag","embeddable":true,"href":"https:\/\/hostnetart.com.br\/baixada\/wp-json\/wp\/v2\/tags?post=16136"}],"curies":[{"name":"wp","href":"https:\/\/api.w.org\/{rel}","templated":true}]}}