{"id":16128,"date":"2025-02-03T14:08:15","date_gmt":"2025-02-03T17:08:15","guid":{"rendered":"https:\/\/hostnetart.com.br\/baixada\/aluguel-apartamento-em-sao-joao-de-meriti\/"},"modified":"2025-02-03T14:08:15","modified_gmt":"2025-02-03T17:08:15","slug":"aluguel-apartamento-em-sao-joao-de-meriti","status":"publish","type":"post","link":"https:\/\/hostnetart.com.br\/baixada\/aluguel-apartamento-em-sao-joao-de-meriti\/","title":{"rendered":"Aluguel &#8211; Apartamento em S\u00e3o Jo\u00e3o de Meriti"},"content":{"rendered":"<p>Mais informa\u00e7\u00f5es:\u00a0<a href=\"https:\/\/rj.olx.com.br\/rio-de-janeiro-e-regiao\/imoveis\/aluguel-de-excelente-apartamento-de-2-quartos-no-centro-de-sao-joao-de-meriti-1374691432\" target=\"_blank\" rel=\"alternate noopener noreferrer\">https:\/\/rj.olx.com.br\/rio-de-janeiro-e-regiao\/imoveis\/aluguel-de-excelente-apartamento-de-2-quartos-no-centro-de-sao-joao-de-meriti-1374691432<\/a><\/p>\n<p>Excelente apartamento de 2 quartos para loca\u00e7\u00e3o na Rua Santo Ant\u00f4nio no centro de S\u00e3o Jo\u00e3o de Meriti &#8211; RJ<\/p>\n<p>Ao lado dos Correios.<\/p>\n<p>Apartamento composto de 2 quartos, sala, cozinha, banheiro e \u00e1rea de servi\u00e7o.<\/p>\n<p>Im\u00f3vel em \u00f3tima localiza\u00e7\u00e3o no centro de S\u00e3o Jo\u00e3o, pr\u00f3ximo a tudo. Supermercados, col\u00e9gios, padarias, bancos, farm\u00e1cias, mercearias e todo o com\u00e9rcio do centro. Al\u00e9m de contar com todas as linhas de \u00f4nibus para toda baixada, Vilar dos Teles, S\u00e3o Jo\u00e3o e Rio de Janeiro. Metr\u00f4 da linha 2 e Supervia, esta\u00e7\u00e3o Pavuna a 10 minutos a p\u00e9.<\/p>\n<p>Para mais informa\u00e7\u00f5es, ligue ou me mande um Whatsapp.<\/p>\n<p>Aluguel com seguro fian\u00e7a.<\/p>\n<p>Valor anunciado refere-se \u00e0 uma m\u00e9dia mensal do aluguel mais as taxas inclu\u00eddas. (\u00e1gua, IPTU, Taxa de inc\u00eandio e luz de servi\u00e7o).<\/p>\n<p>Fa\u00e7a a sua cota\u00e7\u00e3o e agende a sua visita.<\/p>\n<p><a href=\"https:\/\/rj.olx.com.br\/rio-de-janeiro-e-regiao\/imoveis\/aluguel-de-excelente-apartamento-de-2-quartos-no-centro-de-sao-joao-de-meriti-1374691432\" target=\"_blank\" rel=\"alternate noopener noreferrer\"><\/a><\/p>\n<p>\u00a0<\/p>\n","protected":false},"excerpt":{"rendered":"<p>Mais informa\u00e7\u00f5es:\u00a0https:\/\/rj.olx.com.br\/rio-de-janeiro-e-regiao\/imoveis\/aluguel-de-excelente-apartamento-de-2-quartos-no-centro-de-sao-joao-de-meriti-1374691432 Excelente apartamento de 2 quartos para loca\u00e7\u00e3o na Rua Santo Ant\u00f4nio no centro de S\u00e3o Jo\u00e3o de Meriti &#8211; RJ Ao lado dos Correios. Apartamento composto de 2 quartos, sala, cozinha, banheiro e \u00e1rea de servi\u00e7o. Im\u00f3vel em \u00f3tima localiza\u00e7\u00e3o no centro de S\u00e3o Jo\u00e3o, pr\u00f3ximo a tudo. Supermercados, col\u00e9gios, padarias, bancos, farm\u00e1cias, [&hellip;]<\/p>\n","protected":false},"author":1,"featured_media":16127,"comment_status":"","ping_status":"","sticky":false,"template":"","format":"standard","meta":{"footnotes":""},"categories":[16],"tags":[],"class_list":["post-16128","post","type-post","status-publish","format-standard","has-post-thumbnail","hentry","category-imoveis-aluguel"],"_links":{"self":[{"href":"https:\/\/hostnetart.com.br\/baixada\/wp-json\/wp\/v2\/posts\/16128","targetHints":{"allow":["GET"]}}],"collection":[{"href":"https:\/\/hostnetart.com.br\/baixada\/wp-json\/wp\/v2\/posts"}],"about":[{"href":"https:\/\/hostnetart.com.br\/baixada\/wp-json\/wp\/v2\/types\/post"}],"author":[{"embeddable":true,"href":"https:\/\/hostnetart.com.br\/baixada\/wp-json\/wp\/v2\/users\/1"}],"replies":[{"embeddable":true,"href":"https:\/\/hostnetart.com.br\/baixada\/wp-json\/wp\/v2\/comments?post=16128"}],"version-history":[{"count":0,"href":"https:\/\/hostnetart.com.br\/baixada\/wp-json\/wp\/v2\/posts\/16128\/revisions"}],"wp:featuredmedia":[{"embeddable":true,"href":"https:\/\/hostnetart.com.br\/baixada\/wp-json\/wp\/v2\/media\/16127"}],"wp:attachment":[{"href":"https:\/\/hostnetart.com.br\/baixada\/wp-json\/wp\/v2\/media?parent=16128"}],"wp:term":[{"taxonomy":"category","embeddable":true,"href":"https:\/\/hostnetart.com.br\/baixada\/wp-json\/wp\/v2\/categories?post=16128"},{"taxonomy":"post_tag","embeddable":true,"href":"https:\/\/hostnetart.com.br\/baixada\/wp-json\/wp\/v2\/tags?post=16128"}],"curies":[{"name":"wp","href":"https:\/\/api.w.org\/{rel}","templated":true}]}}