{"id":16124,"date":"2025-01-31T14:02:57","date_gmt":"2025-01-31T17:02:57","guid":{"rendered":"https:\/\/hostnetart.com.br\/baixada\/abertas-inscricoes-para-curso-paternidade-responsavel-e-relacoes-compartilhadas\/"},"modified":"2025-01-31T14:02:57","modified_gmt":"2025-01-31T17:02:57","slug":"abertas-inscricoes-para-curso-paternidade-responsavel-e-relacoes-compartilhadas","status":"publish","type":"post","link":"https:\/\/hostnetart.com.br\/baixada\/abertas-inscricoes-para-curso-paternidade-responsavel-e-relacoes-compartilhadas\/","title":{"rendered":"Abertas inscri\u00e7\u00f5es para Curso Paternidade Respons\u00e1vel e Rela\u00e7\u00f5es Compartilhadas"},"content":{"rendered":"<p>A Faculdade 28 de Agosto\u00a0<strong>abriu as inscri\u00e7\u00f5es para o curso &#8220;Paternidade respons\u00e1vel e Rela\u00e7\u00f5es Compartilhadas&#8221;<\/strong>. As aulas da nova turma ser\u00e3o realizadas de\u00a0<strong>10 a 13 de fevereiro (segunda a quinta-feira), das 19h30 \u00e0s 21h30<\/strong>.<\/p>\n<p>As aulas ser\u00e3o online e ao vivo. Para o p\u00fablico em geral, o valor total \u00e9 R$ 250, mas para os\u00a0<strong>banc\u00e1rios filiados<\/strong>\u00a0aos sindicatos da base da Contraf-CUT o<strong>\u00a0valor \u00e9 de apenas R$ 150<\/strong>.<\/p>\n<p>Apesar de o curso ser voltado ao p\u00fablico masculino,\u00a0<strong>futuras m\u00e3es banc\u00e1rias tamb\u00e9m podem participar\u00a0<\/strong>com seus companheiros, mesmo que eles n\u00e3o sejam banc\u00e1rios.<\/p>\n<p><strong>&gt;&gt;&gt;&gt;&gt; Para inscrever-se,\u00a0<a href=\"https:\/\/loja.spbancarios.com.br\/produto\/paternidade-responsavel\/\" target=\"_blank\" rel=\"noopener noreferrer\">clique aqui<\/a>.<\/strong><br \/>\u00a0<\/p>\n<h2>Amplia\u00e7\u00e3o da licen\u00e7a paternidade<\/h2>\n<p>Por lei, o banc\u00e1rio tem direito a licen\u00e7a paternidade de cinco dias, mas essa licen\u00e7a pode ser ampliada para 20 dias, se tiver o banc\u00e1rio fizer o curso de paternidade respons\u00e1vel e apresentar o certificado ao banco.<\/p>\n<p>Essa \u00e9 mais uma conquista das banc\u00e1rias e banc\u00e1rios, obtida na Campanha Nacional de 2016. Por isso, diversos sindicatos da categoria, em todo o pa\u00eds, promovem cursos espec\u00edficos sobre a paternidade respons\u00e1vel.<\/p>\n<p>&#8220;O curso paternidade respons\u00e1vel \u00e9 fundamental para que os homens compreendam a din\u00e2mica de lidar com uma crian\u00e7a rec\u00e9m-nascida, algo que historicamente foi delegado apenas \u00e0s mulheres. Por isso n\u00f3s incentivamos a inscri\u00e7\u00e3o dos colegas neste curso, para que possam compartilhar, da forma mais justa poss\u00edvel, esse trabalho de cuidado com os filhos, e assim reduzir o peso que recai mais sobre as mulheres&#8221;, destaca a secret\u00e1ria da Mulher da Contraf-CUT, Fernanda Lopes.<\/p>\n<h2>Mais detalhes do curso<\/h2>\n<p>Aula 1 \u2013 Paternidade e os desafios para a fam\u00edlia<\/p>\n<ul>\n<li>Acolhida dos participantes e apresenta\u00e7\u00e3o geral do curso;<\/li>\n<li>Abordagem psicol\u00f3gica sobre o momento na vida do pai;<\/li>\n<li>Desafios para a fam\u00edlia com a chegada de um novo membro;<\/li>\n<li>Depress\u00e3o p\u00f3s-parto e seus efeitos;<\/li>\n<li>Respeito \u00e0 condi\u00e7\u00e3o biol\u00f3gica e psicol\u00f3gica da mulher;<\/li>\n<li>Bater funciona?;<\/li>\n<li>O contato das crian\u00e7as com as telas.<\/li>\n<\/ul>\n<p>Aula 2 \u2013 O ato de educar: pais e m\u00e3es comprometidos<\/p>\n<ul>\n<li>O que \u00e9 Educa\u00e7\u00e3o;<\/li>\n<li>Qual o papel do pai na educa\u00e7\u00e3o da crian\u00e7a;<\/li>\n<li>Qual a intera\u00e7\u00e3o necess\u00e1ria entre pai e m\u00e3e na condu\u00e7\u00e3o do processo educativo da crian\u00e7a?;<\/li>\n<li>Quais os sentidos de colocar limites e fazer combinados com uma crian\u00e7a?;<\/li>\n<li>Como o tempo e a qualidade do tempo pode interferir na educa\u00e7\u00e3o;<\/li>\n<li>Educa\u00e7\u00e3o de pais e filhos e a rela\u00e7\u00e3o da crian\u00e7a com o mundo externo.<\/li>\n<\/ul>\n<p>Aula 3 \u2013 Cuidados pr\u00e1ticos com o rec\u00e9m-nascido<\/p>\n<ul>\n<li>Pr\u00e9-parto e dia do parto;<\/li>\n<li>Banho;<\/li>\n<li>Troca de fraldas;<\/li>\n<li>Amamenta\u00e7\u00e3o e p\u00f3s-mamada;<\/li>\n<li>Manobras de desengasgo;<\/li>\n<li>Como carregar;<\/li>\n<li>Como colocar para dormir;<\/li>\n<li>Outras orienta\u00e7\u00f5es.<\/li>\n<\/ul>\n<p>Aula 4 \u2013 Rela\u00e7\u00f5es contempor\u00e2neas e o redimensionamento do papel dos pais<\/p>\n<ul>\n<li>Reflex\u00e3o coletiva sobre a paternidade respons\u00e1vel e as rela\u00e7\u00f5es compartilhadas.<\/li>\n<\/ul>\n<h2>Professores participantes<\/h2>\n<p><strong>Vanessa Abdo Benaderet \u2013\u00a0<\/strong>Doutora em Psicologia pela PUC\/SP. Especializada em atendimento de adultos e casais. E\u0301 diretora do Blog www.mamisnamadrugada.com.br. M\u00e3e de uma menina e um menino!<\/p>\n<p><strong>Dora Incontri \u2013<\/strong>\u00a0Doutora e p\u00f3s-doutorada em Educa\u00e7\u00e3o pela USP. Tem forma\u00e7\u00e3o em psican\u00e1lise. \u00c9 consultora pedag\u00f3gica. Tem mais de 40 livros publicados, nas \u00e1reas de Educa\u00e7\u00e3o, Filosofia, Espiritualidade e livros infanto-juvenis. Coordena um projeto alternativo de Educa\u00e7\u00e3o: Universidade Livre Pamp\u00e9dia. M\u00e3e e av\u00f3 de muitos!<\/p>\n<p><strong>Geise Grangeiro Costa \u2013\u00a0<\/strong>Educadora, atua com o p\u00fablico infantil desde 1992. Em sua jornada diversa, teve contato com o M\u00e9todo Montessoriano, que tem por base estimular a autonomia e o desenvolvimento natural da crian\u00e7a, respeitando seu ritmo, individualidade e fortalecendo sua autoestima. M\u00e3e de um menino!<\/p>\n<p><strong>Nazir de Oliveira \u2013<\/strong>\u00a0Enfermeiro formado pela UNIFEV. Obstetra pela Faculdade de Medicina de Rio Preto- FAMERP. Mestre pela UNISA e Doutorando pela FAMERP. Trabalhos atuais: Maternidade Cachoeirinha, Regula\u00e7\u00e3o Municipal, Professor na Famerp e Professor na Uniararas. J\u00e1 realizou mais de 6 mil partos. Pai de duas meninas!<\/p>\n<p><strong>Ana Tercia Sanches \u2013\u00a0<\/strong>Doutora em Sociologia pela USP. Professora e pesquisadora da Faculdade 28A. Atuou no Coletivo de G\u00eanero do Sindicato dos Banc\u00e1rios de SP por mais de 10 anos. Especializada nos temas de trabalho e tecnologia no setor banc\u00e1rio. M\u00e3e de duas meninas e um menino!<\/p>\n<p><strong>Marcelo Alves \u2013<\/strong>\u00a0Historiador com bacharelado e licenciatura pela USP. P\u00f3s-Gradua\u00e7\u00e3o em Economia do Trabalho e Sindicalismo pela Unicamp \u2013 Formador h\u00e1 mais de 30 anos com especializa\u00e7\u00e3o em metodologia da Educa\u00e7\u00e3o, Planejamento e Grupalidade. Pai e av\u00f4 de um menino e uma menina!<\/p>\n<p><strong>Fonte: Contraf-CUT<\/strong><\/p>\n","protected":false},"excerpt":{"rendered":"<p>A Faculdade 28 de Agosto\u00a0abriu as inscri\u00e7\u00f5es para o curso &#8220;Paternidade respons\u00e1vel e Rela\u00e7\u00f5es Compartilhadas&#8221;. As aulas da nova turma ser\u00e3o realizadas de\u00a010 a 13 de fevereiro (segunda a quinta-feira), das 19h30 \u00e0s 21h30. As aulas ser\u00e3o online e ao vivo. Para o p\u00fablico em geral, o valor total \u00e9 R$ 250, mas para os\u00a0banc\u00e1rios [&hellip;]<\/p>\n","protected":false},"author":2,"featured_media":16123,"comment_status":"","ping_status":"","sticky":false,"template":"","format":"standard","meta":{"footnotes":""},"categories":[3],"tags":[],"class_list":["post-16124","post","type-post","status-publish","format-standard","has-post-thumbnail","hentry","category-noticias"],"_links":{"self":[{"href":"https:\/\/hostnetart.com.br\/baixada\/wp-json\/wp\/v2\/posts\/16124","targetHints":{"allow":["GET"]}}],"collection":[{"href":"https:\/\/hostnetart.com.br\/baixada\/wp-json\/wp\/v2\/posts"}],"about":[{"href":"https:\/\/hostnetart.com.br\/baixada\/wp-json\/wp\/v2\/types\/post"}],"author":[{"embeddable":true,"href":"https:\/\/hostnetart.com.br\/baixada\/wp-json\/wp\/v2\/users\/2"}],"replies":[{"embeddable":true,"href":"https:\/\/hostnetart.com.br\/baixada\/wp-json\/wp\/v2\/comments?post=16124"}],"version-history":[{"count":0,"href":"https:\/\/hostnetart.com.br\/baixada\/wp-json\/wp\/v2\/posts\/16124\/revisions"}],"wp:featuredmedia":[{"embeddable":true,"href":"https:\/\/hostnetart.com.br\/baixada\/wp-json\/wp\/v2\/media\/16123"}],"wp:attachment":[{"href":"https:\/\/hostnetart.com.br\/baixada\/wp-json\/wp\/v2\/media?parent=16124"}],"wp:term":[{"taxonomy":"category","embeddable":true,"href":"https:\/\/hostnetart.com.br\/baixada\/wp-json\/wp\/v2\/categories?post=16124"},{"taxonomy":"post_tag","embeddable":true,"href":"https:\/\/hostnetart.com.br\/baixada\/wp-json\/wp\/v2\/tags?post=16124"}],"curies":[{"name":"wp","href":"https:\/\/api.w.org\/{rel}","templated":true}]}}