{"id":16120,"date":"2025-01-30T17:35:22","date_gmt":"2025-01-30T20:35:22","guid":{"rendered":"https:\/\/hostnetart.com.br\/baixada\/assembleia-ira-deliberar-sobre-ccv-do-banco-itau\/"},"modified":"2025-01-30T17:35:22","modified_gmt":"2025-01-30T20:35:22","slug":"assembleia-ira-deliberar-sobre-ccv-do-banco-itau","status":"publish","type":"post","link":"https:\/\/hostnetart.com.br\/baixada\/assembleia-ira-deliberar-sobre-ccv-do-banco-itau\/","title":{"rendered":"Assembleia ir\u00e1 deliberar sobre CCV do Banco Ita\u00fa"},"content":{"rendered":"<p>O Sindicato dos Banc\u00e1rios da Baixada Fluminense <b>convoca<\/b> todas as trabalhadoras e os trabalhadores do Banco <b>Ita\u00fa<\/b>, de sua base, para <b>assembleia<\/b> extraordin\u00e1ria a ser realizada no dia <b>6 de fevereiro<\/b> de 2025, quinta-feira.<\/p>\n<p>A primeira convoca\u00e7\u00e3o ser\u00e1 \u00e0s 18 horas e a segunda convoca\u00e7\u00e3o \u00e0s 18h30.<\/p>\n<p>A assembleia ocorrer\u00e1, de <b>forma presencial<\/b>, na <b>Sede do Sindicato<\/b> (Rua Professor Henrique Ferreira Gomes, 179 &#8211; Centro de Duque de Caxias), e ir\u00e1 discutir e <b>deliberar<\/b> sobre a 1\u00ba Aprova\u00e7\u00e3o do <b>Acordo<\/b> da Comiss\u00e3o de Concilia\u00e7\u00e3o Volunt\u00e1ria (<b>CCV<\/b>) com o Conglomerado do Banco Ita\u00fa S\/A.<\/p>\n<p><u>Compare\u00e7a e participe.<\/u><\/p>\n","protected":false},"excerpt":{"rendered":"<p>O Sindicato dos Banc\u00e1rios da Baixada Fluminense convoca todas as trabalhadoras e os trabalhadores do Banco Ita\u00fa, de sua base, para assembleia extraordin\u00e1ria a ser realizada no dia 6 de fevereiro de 2025, quinta-feira. A primeira convoca\u00e7\u00e3o ser\u00e1 \u00e0s 18 horas e a segunda convoca\u00e7\u00e3o \u00e0s 18h30. A assembleia ocorrer\u00e1, de forma presencial, na Sede [&hellip;]<\/p>\n","protected":false},"author":2,"featured_media":16119,"comment_status":"","ping_status":"","sticky":false,"template":"","format":"standard","meta":{"footnotes":""},"categories":[3],"tags":[],"class_list":["post-16120","post","type-post","status-publish","format-standard","has-post-thumbnail","hentry","category-noticias"],"_links":{"self":[{"href":"https:\/\/hostnetart.com.br\/baixada\/wp-json\/wp\/v2\/posts\/16120","targetHints":{"allow":["GET"]}}],"collection":[{"href":"https:\/\/hostnetart.com.br\/baixada\/wp-json\/wp\/v2\/posts"}],"about":[{"href":"https:\/\/hostnetart.com.br\/baixada\/wp-json\/wp\/v2\/types\/post"}],"author":[{"embeddable":true,"href":"https:\/\/hostnetart.com.br\/baixada\/wp-json\/wp\/v2\/users\/2"}],"replies":[{"embeddable":true,"href":"https:\/\/hostnetart.com.br\/baixada\/wp-json\/wp\/v2\/comments?post=16120"}],"version-history":[{"count":0,"href":"https:\/\/hostnetart.com.br\/baixada\/wp-json\/wp\/v2\/posts\/16120\/revisions"}],"wp:featuredmedia":[{"embeddable":true,"href":"https:\/\/hostnetart.com.br\/baixada\/wp-json\/wp\/v2\/media\/16119"}],"wp:attachment":[{"href":"https:\/\/hostnetart.com.br\/baixada\/wp-json\/wp\/v2\/media?parent=16120"}],"wp:term":[{"taxonomy":"category","embeddable":true,"href":"https:\/\/hostnetart.com.br\/baixada\/wp-json\/wp\/v2\/categories?post=16120"},{"taxonomy":"post_tag","embeddable":true,"href":"https:\/\/hostnetart.com.br\/baixada\/wp-json\/wp\/v2\/tags?post=16120"}],"curies":[{"name":"wp","href":"https:\/\/api.w.org\/{rel}","templated":true}]}}