{"id":16118,"date":"2025-01-29T18:43:21","date_gmt":"2025-01-29T21:43:21","guid":{"rendered":"https:\/\/hostnetart.com.br\/baixada\/dia-da-visibilidade-trans-avancos-na-saude-sao-estrategicos-para-a-conquista-de-direitos\/"},"modified":"2025-01-29T18:43:21","modified_gmt":"2025-01-29T21:43:21","slug":"dia-da-visibilidade-trans-avancos-na-saude-sao-estrategicos-para-a-conquista-de-direitos","status":"publish","type":"post","link":"https:\/\/hostnetart.com.br\/baixada\/dia-da-visibilidade-trans-avancos-na-saude-sao-estrategicos-para-a-conquista-de-direitos\/","title":{"rendered":"Dia da Visibilidade Trans: avan\u00e7os na sa\u00fade s\u00e3o estrat\u00e9gicos para a conquista de direitos"},"content":{"rendered":"<p>O Dia da Visibilidade Trans, celebrado em 29 de janeiro, \u00e9 um marco para a luta por direitos e reconhecimento da popula\u00e7\u00e3o trans no Brasil. Uma das principais frentes dessa batalha \u00e9 o acesso \u00e0 sa\u00fade, um setor essencial para garantir dignidade e cidadania. Entre os avan\u00e7os conquistados est\u00e3o a garantia do uso do nome social, a Pol\u00edtica Nacional de Sa\u00fade Integral de L\u00e9sbicas, Gays, Bissexuais, Travestis e Transexuais, e o direito ao Processo Transexualizador no Sistema \u00danico de Sa\u00fade (SUS).<\/p>\n<p>\u201cEssa \u00e9 uma data importante para o movimento sindical banc\u00e1rio, que tem em sua pauta de atua\u00e7\u00e3o a luta pelos direitos da comunidade LGBTQIA+\u201d, afirma Elaine Cutis, secret\u00e1ria de Pol\u00edticas Sociais da Confedera\u00e7\u00e3o Nacional dos Trabalhadores do Ramo Financeiro (Contraf-CUT). \u201cA visibilidade trans \u00e9 fundamental para combater o preconceito, o estigma e a desinforma\u00e7\u00e3o que ainda cercam as pessoas trans no Brasil e no mundo. Ao dar visibilidade \u00e0s suas hist\u00f3rias, conquistas e dificuldades, esta data ajuda a promover uma sociedade mais justa e igualit\u00e1ria, onde todas as pessoas, independentemente de sua identidade de g\u00eanero, possam viver com dignidade e respeito.\u201d<\/p>\n<h2>A viol\u00eancia contra pessoas trans no Brasil<\/h2>\n<p>Em 2024, o Brasil registrou 122 assassinatos de pessoas trans e travestis, de acordo com o Dossi\u00ea Assassinatos e Viol\u00eancias contra Travestis e Transexuais Brasileiras, da Associa\u00e7\u00e3o Nacional de Travestis e Transexuais (Antra). Embora o n\u00famero tenha apresentado uma redu\u00e7\u00e3o de 16% em rela\u00e7\u00e3o ao ano anterior, o pa\u00eds continua sendo, pelo 17\u00ba ano consecutivo, o l\u00edder mundial em assassinatos de pessoas trans. Desses 122 casos, 117 eram mulheres trans e travestis, e cinco eram homens trans. A viol\u00eancia contra pessoas trans no Brasil segue sendo uma epidemia silenciosa, com grande parte dos assassinatos ocorrendo na regi\u00e3o Nordeste, que concentrou 41% dos casos.<\/p>\n<h2>Lan\u00e7amento de publica\u00e7\u00f5es e avan\u00e7os na classifica\u00e7\u00e3o de doen\u00e7as<\/h2>\n<p>Durante a cerim\u00f4nia em alus\u00e3o ao Dia da Visibilidade Trans, realizada na segunda-feira (27), o Minist\u00e9rio da Sa\u00fade anunciou o lan\u00e7amento de um n\u00famero especial da Revista Epidemiologia e Servi\u00e7os de Sa\u00fade &#8211; A Revista do SUS, dedicada aos 20 anos da Visibilidade Trans no Brasil. O evento aconteceu no Minist\u00e9rio dos Direitos Humanos e da Cidadania.<\/p>\n<p>Para Fl\u00e1via Teixeira, diretora de Programa do gabinete ministerial, a publica\u00e7\u00e3o \u00e9 um marco para a produ\u00e7\u00e3o cient\u00edfica. \u201cN\u00e3o podemos fazer pol\u00edtica p\u00fablica sem evid\u00eancias, e essa publica\u00e7\u00e3o representa isso\u201d, destacou.<\/p>\n<p>Outro importante avan\u00e7o anunciado foi a tradu\u00e7\u00e3o da Classifica\u00e7\u00e3o Internacional de Doen\u00e7as (CID-11) da Organiza\u00e7\u00e3o Mundial da Sa\u00fade (OMS). Antes, na CID-10, a transexualidade era classificada como um transtorno ps\u00edquico. Agora, a CID-11 introduz a express\u00e3o \u201cincongru\u00eancia de g\u00eanero\u201d, removendo sua categoriza\u00e7\u00e3o como transtorno mental e reposicionando-a no Cap\u00edtulo 17, sobre Condi\u00e7\u00f5es Relacionadas \u00e0 Sa\u00fade Sexual.<\/p>\n<p>Fl\u00e1via Teixeira destacou que esse avan\u00e7o \u00e9 \u201cuma express\u00e3o da luta e do compromisso do Minist\u00e9rio da Sa\u00fade\u201d. Segundo ela, a \u00e1rea da sa\u00fade tem sido um local de prote\u00e7\u00e3o e defesa dos direitos humanos da popula\u00e7\u00e3o LGBTQIA+.<\/p>\n<h2>Atos e mobiliza\u00e7\u00f5es em Bras\u00edlia<\/h2>\n<p>Bras\u00edlia ser\u00e1 palco de tr\u00eas grandes atos nesta quarta-feira (29), reafirmando a luta e a visibilidade da popula\u00e7\u00e3o trans no Brasil:<br \/>\u2705 Hasteamento da maior bandeira trans do pa\u00eds<br \/>\u2705 Ato em frente \u00e0 Embaixada dos Estados Unidos<br \/>\u2705 Lan\u00e7amento do Registro Nacional de Mortes de Pessoas Trans no Brasil em 2024<\/p>\n<p>Os eventos foram organizados pela Rede Trans Brasil, o Grupo Estrutura\u00e7\u00e3o &#8211; LGBT+ de Bras\u00edlia, o Centro Brasiliense de Defesa dos Direitos Humanos (CentroDH) e o Instituto Igualdade e Fraternidade (INPDH). Segundo os movimentos, as manifesta\u00e7\u00f5es simbolizam a luta e o orgulho da comunidade trans no Brasil.<br \/>Michel Platini, presidente do Grupo Estrutura\u00e7\u00e3o, refor\u00e7ou a import\u00e2ncia da mobiliza\u00e7\u00e3o:\u00a0<\/p>\n<p>\u201cEste \u00e9 o dia de reafirmarmos que n\u00e3o aceitaremos nenhum retrocesso. \u00c9 tamb\u00e9m o dia de mandarmos solidariedade \u00e0 popula\u00e7\u00e3o LGBT americana e dizer \u2018n\u00e3o\u2019 \u00e0 pol\u00edtica neofascista do governo Trump, que tenta retirar direitos de grupos vulnerabilizados, incluindo pessoas trans, negras e com defici\u00eancia\u201d.<\/p>\n<h2>20 anos de luta pela visibilidade trans<\/h2>\n<p>O Dia da Visibilidade Trans \u00e9 celebrado no Brasil desde 2004 e simboliza a resist\u00eancia de uma popula\u00e7\u00e3o historicamente marginalizada, mas que segue lutando por seus direitos e por uma sociedade mais justa e igualit\u00e1ria. As mobiliza\u00e7\u00f5es e avan\u00e7os no setor da sa\u00fade mostram que a luta continua garantindo direitos fundamentais para a popula\u00e7\u00e3o trans no Brasil.<\/p>\n<p><strong>Fonte: Contraf-CUT<\/strong><\/p>\n","protected":false},"excerpt":{"rendered":"<p>O Dia da Visibilidade Trans, celebrado em 29 de janeiro, \u00e9 um marco para a luta por direitos e reconhecimento da popula\u00e7\u00e3o trans no Brasil. Uma das principais frentes dessa batalha \u00e9 o acesso \u00e0 sa\u00fade, um setor essencial para garantir dignidade e cidadania. Entre os avan\u00e7os conquistados est\u00e3o a garantia do uso do nome [&hellip;]<\/p>\n","protected":false},"author":2,"featured_media":16117,"comment_status":"","ping_status":"","sticky":false,"template":"","format":"standard","meta":{"footnotes":""},"categories":[3],"tags":[],"class_list":["post-16118","post","type-post","status-publish","format-standard","has-post-thumbnail","hentry","category-noticias"],"_links":{"self":[{"href":"https:\/\/hostnetart.com.br\/baixada\/wp-json\/wp\/v2\/posts\/16118","targetHints":{"allow":["GET"]}}],"collection":[{"href":"https:\/\/hostnetart.com.br\/baixada\/wp-json\/wp\/v2\/posts"}],"about":[{"href":"https:\/\/hostnetart.com.br\/baixada\/wp-json\/wp\/v2\/types\/post"}],"author":[{"embeddable":true,"href":"https:\/\/hostnetart.com.br\/baixada\/wp-json\/wp\/v2\/users\/2"}],"replies":[{"embeddable":true,"href":"https:\/\/hostnetart.com.br\/baixada\/wp-json\/wp\/v2\/comments?post=16118"}],"version-history":[{"count":0,"href":"https:\/\/hostnetart.com.br\/baixada\/wp-json\/wp\/v2\/posts\/16118\/revisions"}],"wp:featuredmedia":[{"embeddable":true,"href":"https:\/\/hostnetart.com.br\/baixada\/wp-json\/wp\/v2\/media\/16117"}],"wp:attachment":[{"href":"https:\/\/hostnetart.com.br\/baixada\/wp-json\/wp\/v2\/media?parent=16118"}],"wp:term":[{"taxonomy":"category","embeddable":true,"href":"https:\/\/hostnetart.com.br\/baixada\/wp-json\/wp\/v2\/categories?post=16118"},{"taxonomy":"post_tag","embeddable":true,"href":"https:\/\/hostnetart.com.br\/baixada\/wp-json\/wp\/v2\/tags?post=16118"}],"curies":[{"name":"wp","href":"https:\/\/api.w.org\/{rel}","templated":true}]}}