{"id":16112,"date":"2025-01-28T03:08:07","date_gmt":"2025-01-28T06:08:07","guid":{"rendered":"https:\/\/hostnetart.com.br\/baixada\/movimento-sindical-orienta-funcionarios-do-banco-do-brasil-a-nao-aderirem-a-proposta-da-cassi\/"},"modified":"2025-01-28T03:08:07","modified_gmt":"2025-01-28T06:08:07","slug":"movimento-sindical-orienta-funcionarios-do-banco-do-brasil-a-nao-aderirem-a-proposta-da-cassi","status":"publish","type":"post","link":"https:\/\/hostnetart.com.br\/baixada\/movimento-sindical-orienta-funcionarios-do-banco-do-brasil-a-nao-aderirem-a-proposta-da-cassi\/","title":{"rendered":"Movimento Sindical orienta funcion\u00e1rios do Banco do Brasil a n\u00e3o aderirem \u00e0 proposta da Cassi"},"content":{"rendered":"<\/p>\n<p>A Confedera\u00e7\u00e3o Nacional dos Trabalhadores do Ramo Financeiro (Contraf-CUT) est\u00e1 mobilizada para defender os associados da Cassi diante das cobran\u00e7as realizadas pela entidade referentes a valores devidos entre julho de 2010 e setembro de 2023. A Contraf-CUT j\u00e1 entrou com uma a\u00e7\u00e3o judicial para solicitar a suspens\u00e3o imediata dessas cobran\u00e7as e refor\u00e7a a orienta\u00e7\u00e3o para que os funcion\u00e1rios do Banco do Brasil n\u00e3o adiram \u00e0 proposta apresentada pela Cassi.<\/p>\n<p>As cobran\u00e7as referem-se a valores recebidos em a\u00e7\u00f5es trabalhistas e acordos firmados em Comiss\u00f5es de Concilia\u00e7\u00e3o Volunt\u00e1ria (CCV) ou Comiss\u00f5es de Concilia\u00e7\u00e3o Pr\u00e9via (CCP). Na \u00e9poca, o Banco do Brasil n\u00e3o recolheu sua parte nem descontou os valores devidos \u00e0 Cassi dos funcion\u00e1rios, apesar dos alertas do movimento sindical sobre a obrigatoriedade do recolhimento. Agora, a Cassi est\u00e1 repassando aos associados a responsabilidade por esses valores, gerando preocupa\u00e7\u00e3o e indigna\u00e7\u00e3o entre os trabalhadores.<\/p>\n<p>Diante da intransig\u00eancia da Cassi em negociar e da amea\u00e7a de cobran\u00e7a autom\u00e1tica, o secret\u00e1rio-geral da Contraf-CUT, Gustavo Tabatinga Jr., destacou que recorrer \u00e0 Justi\u00e7a foi a \u00fanica alternativa. \u201cAcionamos judicialmente a Cassi para buscar o que sempre pedimos: a suspens\u00e3o dessas cobran\u00e7as. Fizemos isso para defender a Cassi e resguardar os associados. Em vez de orientar que cada um dos mais de 20 mil colegas que n\u00e3o fizeram ades\u00e3o buscasse individualmente seus direitos, o que resultaria em uma enxurrada de processos contra a institui\u00e7\u00e3o, a Contraf-CUT assumiu esse \u00f4nus e entrou coletivamente com a a\u00e7\u00e3o\u201d, explicou Gustavo.<\/p>\n<p>O dirigente sindical enfatizou que a responsabilidade pelo d\u00e9bito \u00e9 do Banco do Brasil, como est\u00e1 previsto em contrato assinado em 2010. \u201c\u00c9 o banco o verdadeiro culpado dessa situa\u00e7\u00e3o, e n\u00e3o os trabalhadores. Estamos agindo com responsabilidade e sempre em defesa do coletivo. A Contraf-CUT est\u00e1 lutando pelos direitos dos associados da Cassi.\u201d<\/p>\n<p>A Contraf-CUT segue orientando que os funcion\u00e1rios n\u00e3o fa\u00e7am ades\u00e3o \u00e0 proposta da Cassi, enquanto o processo judicial est\u00e1 em andamento. \u201cNosso objetivo \u00e9 garantir que essas cobran\u00e7as sejam suspensas e que possamos iniciar um processo de negocia\u00e7\u00e3o que de fato respeite os trabalhadores e associe a responsabilidade a quem realmente cabe\u201d, concluiu Gustavo.<\/p>\n<p><strong>Fonte: Contraf-CUT<\/strong><\/p>\n","protected":false},"excerpt":{"rendered":"<p>A Confedera\u00e7\u00e3o Nacional dos Trabalhadores do Ramo Financeiro (Contraf-CUT) est\u00e1 mobilizada para defender os associados da Cassi diante das cobran\u00e7as realizadas pela entidade referentes a valores devidos entre julho de 2010 e setembro de 2023. A Contraf-CUT j\u00e1 entrou com uma a\u00e7\u00e3o judicial para solicitar a suspens\u00e3o imediata dessas cobran\u00e7as e refor\u00e7a a orienta\u00e7\u00e3o para [&hellip;]<\/p>\n","protected":false},"author":2,"featured_media":16111,"comment_status":"","ping_status":"","sticky":false,"template":"","format":"standard","meta":{"footnotes":""},"categories":[3],"tags":[],"class_list":["post-16112","post","type-post","status-publish","format-standard","has-post-thumbnail","hentry","category-noticias"],"_links":{"self":[{"href":"https:\/\/hostnetart.com.br\/baixada\/wp-json\/wp\/v2\/posts\/16112","targetHints":{"allow":["GET"]}}],"collection":[{"href":"https:\/\/hostnetart.com.br\/baixada\/wp-json\/wp\/v2\/posts"}],"about":[{"href":"https:\/\/hostnetart.com.br\/baixada\/wp-json\/wp\/v2\/types\/post"}],"author":[{"embeddable":true,"href":"https:\/\/hostnetart.com.br\/baixada\/wp-json\/wp\/v2\/users\/2"}],"replies":[{"embeddable":true,"href":"https:\/\/hostnetart.com.br\/baixada\/wp-json\/wp\/v2\/comments?post=16112"}],"version-history":[{"count":0,"href":"https:\/\/hostnetart.com.br\/baixada\/wp-json\/wp\/v2\/posts\/16112\/revisions"}],"wp:featuredmedia":[{"embeddable":true,"href":"https:\/\/hostnetart.com.br\/baixada\/wp-json\/wp\/v2\/media\/16111"}],"wp:attachment":[{"href":"https:\/\/hostnetart.com.br\/baixada\/wp-json\/wp\/v2\/media?parent=16112"}],"wp:term":[{"taxonomy":"category","embeddable":true,"href":"https:\/\/hostnetart.com.br\/baixada\/wp-json\/wp\/v2\/categories?post=16112"},{"taxonomy":"post_tag","embeddable":true,"href":"https:\/\/hostnetart.com.br\/baixada\/wp-json\/wp\/v2\/tags?post=16112"}],"curies":[{"name":"wp","href":"https:\/\/api.w.org\/{rel}","templated":true}]}}