{"id":16110,"date":"2025-01-28T03:07:15","date_gmt":"2025-01-28T06:07:15","guid":{"rendered":"https:\/\/hostnetart.com.br\/baixada\/itau-recusa-suspensao-do-reajuste-dos-planos-de-saude-dos-aposentados\/"},"modified":"2025-01-28T03:07:15","modified_gmt":"2025-01-28T06:07:15","slug":"itau-recusa-suspensao-do-reajuste-dos-planos-de-saude-dos-aposentados","status":"publish","type":"post","link":"https:\/\/hostnetart.com.br\/baixada\/itau-recusa-suspensao-do-reajuste-dos-planos-de-saude-dos-aposentados\/","title":{"rendered":"Ita\u00fa recusa suspens\u00e3o do reajuste dos planos de sa\u00fade dos aposentados"},"content":{"rendered":"<\/p>\n<p>Ap\u00f3s press\u00e3o dos aposentados do Ita\u00fa nas redes sociais, o banco convocou uma reuni\u00e3o com representantes da Comiss\u00e3o de Organiza\u00e7\u00e3o dos Empregados (COE) do Ita\u00fa e da Comiss\u00e3o de Aposentados nesta segunda-feira (27) para discutir a pauta de reivindica\u00e7\u00f5es<a href=\"https:\/\/contrafcut.com.br\/noticias\/aposentados-do-itau-cobram-condicoes-dignas-no-plano-de-saude\/\">entregue no dia 13 de janeiro<\/a>.<\/p>\n<p>Entre os pontos priorit\u00e1rios, estavam a cria\u00e7\u00e3o de uma faixa de plano de sa\u00fade espec\u00edfica para aposentados e a suspens\u00e3o do reajuste dos planos enquanto as negocia\u00e7\u00f5es estiverem em andamento. No entanto, o banco informou que n\u00e3o \u00e9 poss\u00edvel suspender o reajuste, justificando que ele j\u00e1 foi aplicado em outras operadoras.<\/p>\n<p>A justificativa foi rejeitada pelos aposentados, que ressaltaram que o banco teve tempo suficiente para discutir o tema internamente. Desde outubro, o assunto est\u00e1 em debate em um processo mediado pelo Minist\u00e9rio P\u00fablico do Trabalho (MPT). No dia 3 de dezembro, uma negocia\u00e7\u00e3o envolvendo aposentados, representantes dos trabalhadores, do MPT e do Ita\u00fa foi realizada, mas o problema persiste.<\/p>\n<p>\u201cEles n\u00e3o podem alegar que foi em cima da hora, pois est\u00e1 na mesa do Minist\u00e9rio P\u00fablico desde outubro. N\u00f3s vamos continuar lutando. Queremos que o banco suspenda o reajuste\u201d, afirmou Jair Alves, dirigente da Contraf-CUT e banc\u00e1rio do Ita\u00fa.<\/p>\n<p>Uma nova reuni\u00e3o foi marcada para o dia 4 de fevereiro. \u201cN\u00f3s esperamos que o banco mude sua postura e volte atr\u00e1s na decis\u00e3o\u201d, destacou Jair, ao refor\u00e7ar o compromisso de continuar defendendo os direitos dos aposentados. Uma das formas \u00e9 assinar ao abaixo assinado dos aposentados. <a href=\"https:\/\/www.change.org\/p\/por-plano-de-sa%C3%BAde-pag%C3%A1vel-aposentados-ita%C3%BA\">Clique aqui<\/a>.<\/p>\n<p><strong>Fonte: Contraf-CUT<\/strong><\/p>\n","protected":false},"excerpt":{"rendered":"<p>Ap\u00f3s press\u00e3o dos aposentados do Ita\u00fa nas redes sociais, o banco convocou uma reuni\u00e3o com representantes da Comiss\u00e3o de Organiza\u00e7\u00e3o dos Empregados (COE) do Ita\u00fa e da Comiss\u00e3o de Aposentados nesta segunda-feira (27) para discutir a pauta de reivindica\u00e7\u00f5esentregue no dia 13 de janeiro. Entre os pontos priorit\u00e1rios, estavam a cria\u00e7\u00e3o de uma faixa de [&hellip;]<\/p>\n","protected":false},"author":2,"featured_media":16109,"comment_status":"","ping_status":"","sticky":false,"template":"","format":"standard","meta":{"footnotes":""},"categories":[3],"tags":[],"class_list":["post-16110","post","type-post","status-publish","format-standard","has-post-thumbnail","hentry","category-noticias"],"_links":{"self":[{"href":"https:\/\/hostnetart.com.br\/baixada\/wp-json\/wp\/v2\/posts\/16110","targetHints":{"allow":["GET"]}}],"collection":[{"href":"https:\/\/hostnetart.com.br\/baixada\/wp-json\/wp\/v2\/posts"}],"about":[{"href":"https:\/\/hostnetart.com.br\/baixada\/wp-json\/wp\/v2\/types\/post"}],"author":[{"embeddable":true,"href":"https:\/\/hostnetart.com.br\/baixada\/wp-json\/wp\/v2\/users\/2"}],"replies":[{"embeddable":true,"href":"https:\/\/hostnetart.com.br\/baixada\/wp-json\/wp\/v2\/comments?post=16110"}],"version-history":[{"count":0,"href":"https:\/\/hostnetart.com.br\/baixada\/wp-json\/wp\/v2\/posts\/16110\/revisions"}],"wp:featuredmedia":[{"embeddable":true,"href":"https:\/\/hostnetart.com.br\/baixada\/wp-json\/wp\/v2\/media\/16109"}],"wp:attachment":[{"href":"https:\/\/hostnetart.com.br\/baixada\/wp-json\/wp\/v2\/media?parent=16110"}],"wp:term":[{"taxonomy":"category","embeddable":true,"href":"https:\/\/hostnetart.com.br\/baixada\/wp-json\/wp\/v2\/categories?post=16110"},{"taxonomy":"post_tag","embeddable":true,"href":"https:\/\/hostnetart.com.br\/baixada\/wp-json\/wp\/v2\/tags?post=16110"}],"curies":[{"name":"wp","href":"https:\/\/api.w.org\/{rel}","templated":true}]}}