{"id":16106,"date":"2025-01-27T13:05:23","date_gmt":"2025-01-27T16:05:23","guid":{"rendered":"https:\/\/hostnetart.com.br\/baixada\/fetraf-rj-es-solicita-a-antecipacao-do-pagamento-de-parcela-da-plr\/"},"modified":"2025-01-27T13:05:23","modified_gmt":"2025-01-27T16:05:23","slug":"fetraf-rj-es-solicita-a-antecipacao-do-pagamento-de-parcela-da-plr","status":"publish","type":"post","link":"https:\/\/hostnetart.com.br\/baixada\/fetraf-rj-es-solicita-a-antecipacao-do-pagamento-de-parcela-da-plr\/","title":{"rendered":"Fetraf RJ\/ES solicita a antecipa\u00e7\u00e3o do pagamento de parcela da PLR"},"content":{"rendered":"<p>A Federa\u00e7\u00e3o dos Trabalhadores do Ramo Financeiro dos Estados do Rio de Janeiro e Esp\u00edrito Santo (<strong>Fetraf RJ\/ES<\/strong>) enviou, nesta segunda-feira, um <strong>of\u00edcio<\/strong> \u00e0\u00a0<strong>Febraban<\/strong> (Federa\u00e7\u00e3o Brasileira de Bancos), solicitando a\u00a0<strong>antecipa\u00e7\u00e3o<\/strong> do pagamento da parcela da Participa\u00e7\u00e3o nos Lucros e Resultados (<strong>PLR<\/strong>).<\/p>\n<p>De acordo com o definido na cl\u00e1usula primeira da Conven\u00e7\u00e3o Coletiva de Trabalho (CCT), os bancos privados t\u00eam at\u00e9 o dia 1\u00ba de mar\u00e7o para efetuar o pagamento.<\/p>\n<p>A solicita\u00e7\u00e3o se deve ao fato de que, em\u00a0janeiro e fevereiro, concentram-se as maiores despesas por parte dos trabalhadores,\u00a0como IPTU, Taxa de Inc\u00eandio, IPVA, bem como as despesas com matr\u00edcula e material escolar para o novo ano letivo, que oneram muito o or\u00e7amento dos trabalhadores banc\u00e1rios neste per\u00edodo. Al\u00e9m\u00a0do grande volume de pagamento de impostos, municipais e estaduais.<\/p>\n<p>O <strong>Sindicato dos Banc\u00e1rios da Baixada Fluminense<\/strong> \u00e9 filiado \u00e0 Fetraf RJ\/ES.<\/p>\n<p>\u00a0<\/p>\n<p>\u00a0<\/p>\n<p>\u00a0<\/p>\n","protected":false},"excerpt":{"rendered":"<p>A Federa\u00e7\u00e3o dos Trabalhadores do Ramo Financeiro dos Estados do Rio de Janeiro e Esp\u00edrito Santo (Fetraf RJ\/ES) enviou, nesta segunda-feira, um of\u00edcio \u00e0\u00a0Febraban (Federa\u00e7\u00e3o Brasileira de Bancos), solicitando a\u00a0antecipa\u00e7\u00e3o do pagamento da parcela da Participa\u00e7\u00e3o nos Lucros e Resultados (PLR). De acordo com o definido na cl\u00e1usula primeira da Conven\u00e7\u00e3o Coletiva de Trabalho (CCT), [&hellip;]<\/p>\n","protected":false},"author":2,"featured_media":16105,"comment_status":"","ping_status":"","sticky":false,"template":"","format":"standard","meta":{"footnotes":""},"categories":[3],"tags":[],"class_list":["post-16106","post","type-post","status-publish","format-standard","has-post-thumbnail","hentry","category-noticias"],"_links":{"self":[{"href":"https:\/\/hostnetart.com.br\/baixada\/wp-json\/wp\/v2\/posts\/16106","targetHints":{"allow":["GET"]}}],"collection":[{"href":"https:\/\/hostnetart.com.br\/baixada\/wp-json\/wp\/v2\/posts"}],"about":[{"href":"https:\/\/hostnetart.com.br\/baixada\/wp-json\/wp\/v2\/types\/post"}],"author":[{"embeddable":true,"href":"https:\/\/hostnetart.com.br\/baixada\/wp-json\/wp\/v2\/users\/2"}],"replies":[{"embeddable":true,"href":"https:\/\/hostnetart.com.br\/baixada\/wp-json\/wp\/v2\/comments?post=16106"}],"version-history":[{"count":0,"href":"https:\/\/hostnetart.com.br\/baixada\/wp-json\/wp\/v2\/posts\/16106\/revisions"}],"wp:featuredmedia":[{"embeddable":true,"href":"https:\/\/hostnetart.com.br\/baixada\/wp-json\/wp\/v2\/media\/16105"}],"wp:attachment":[{"href":"https:\/\/hostnetart.com.br\/baixada\/wp-json\/wp\/v2\/media?parent=16106"}],"wp:term":[{"taxonomy":"category","embeddable":true,"href":"https:\/\/hostnetart.com.br\/baixada\/wp-json\/wp\/v2\/categories?post=16106"},{"taxonomy":"post_tag","embeddable":true,"href":"https:\/\/hostnetart.com.br\/baixada\/wp-json\/wp\/v2\/tags?post=16106"}],"curies":[{"name":"wp","href":"https:\/\/api.w.org\/{rel}","templated":true}]}}