{"id":16098,"date":"2025-01-23T18:24:25","date_gmt":"2025-01-23T21:24:25","guid":{"rendered":"https:\/\/hostnetart.com.br\/baixada\/novo-acordo-de-ccv-da-caixa-ja-esta-em-vigencia\/"},"modified":"2025-01-23T18:24:25","modified_gmt":"2025-01-23T21:24:25","slug":"novo-acordo-de-ccv-da-caixa-ja-esta-em-vigencia","status":"publish","type":"post","link":"https:\/\/hostnetart.com.br\/baixada\/novo-acordo-de-ccv-da-caixa-ja-esta-em-vigencia\/","title":{"rendered":"Novo acordo de CCV da Caixa j\u00e1 est\u00e1 em vig\u00eancia"},"content":{"rendered":"<p>O novo Acordo Coletivo de Trabalho (ACT) espec\u00edfico sobre as Comiss\u00f5es de Concilia\u00e7\u00e3o Volunt\u00e1ria (CCV), da Caixa Econ\u00f4mica Federal, j\u00e1 est\u00e1 em vig\u00eancia.<\/p>\n<p>A renova\u00e7\u00e3o foi comunicada pelo banco \u00e0 Confedera\u00e7\u00e3o Nacional dos Trabalhadores do Ramo Financeiro (Contraf-CUT) na noite de quarta-feira (22).<\/p>\n<p>No of\u00edcio enviado \u00e0 Contraf-CUT, a Caixa informa que o acordo foi \u201caprimorado e ampliado com foco em promover agilidade e conformidade ao processo conciliat\u00f3rio\u201d e que \u201cem atendimento ao compromisso firmado no Acordo Coletivo de Trabalho, a CCV poder\u00e1 atender a partir de ent\u00e3o as reivindica\u00e7\u00f5es sobre o tema da incorpora\u00e7\u00e3o, al\u00e9m dos demais temas j\u00e1 atendidos.\u201d Al\u00e9m da gratifica\u00e7\u00e3o de fun\u00e7\u00e3o, tamb\u00e9m pode haver incorpora\u00e7\u00e3o da gratifica\u00e7\u00e3o de Porte de Unidade, do Complemento Tempor\u00e1rio Vari\u00e1vel de Ajuste de Mercado (CTVA), do Complemento Tempor\u00e1rio de Cess\u00e3o (CTC) e Adicional Pessoal Provis\u00f3rio de Adequa\u00e7\u00e3o (APPA).<\/p>\n<p>\u201cResolver pend\u00eancias por meio de uma comiss\u00e3o de concilia\u00e7\u00e3o, sem ter que entrar em uma disputada de decis\u00e3o incerta que pode levar anos, \u00e9 o que todo mundo quer. E neste ano a expectativa de empregadas e empregados era ainda maior, devido a nova possibilidade de tratar sobre incorpora\u00e7\u00e3o de fun\u00e7\u00e3o por meio da CCV\u201d, disse o coordenador da Comiss\u00e3o Executiva dos Empregados (CEE) da Caixa, Rafael de Castro. \u201cMais uma conquista da uni\u00e3o e da luta das empregadas e empregados, em conjunto com o movimento sindical\u201d, ressaltou.<\/p>\n<p>Al\u00e9m das incorpora\u00e7\u00f5es, tamb\u00e9m podem ser realizadas CCVs para concilia\u00e7\u00e3o de conflitos sobre:<br \/>I \u2013 Aux\u00edlio Alimenta\u00e7\u00e3o p\u00f3s-emprego;<br \/>II \u2013 Reflexos salariais incidentes sobre o Aux\u00edlio Alimenta\u00e7\u00e3o;<br \/>III \u2013 7\u00aa e 8\u00aa horas dos cargos em comiss\u00e3o de natureza t\u00e9cnica;<br \/>IV \u2013 Outros temas mediante avalia\u00e7\u00e3o pr\u00e9via e interesse da CAIXA.<\/p>\n<h2><strong>Quem pode fazer a CCV<\/strong><\/h2>\n<p>Poder\u00e3o realizar a CCV sobre incorpora\u00e7\u00e3o e parcelas acess\u00f3rias empregadas e empregados ativos que atendam aos seguintes requisitos:<br \/>a) Admitidos at\u00e9 10\/11\/2017;<br \/>b) Dispensados da Fun\u00e7\u00e3o Gratificada ou Cargo em Comiss\u00e3o pelos motivos que gerariam incorpora\u00e7\u00e3o;<br \/>c) Possuam ou fa\u00e7am jus ao adicional de incorpora\u00e7\u00e3o da gratifica\u00e7\u00e3o;<br \/>d) Sem a\u00e7\u00e3o judicial sobre o tema.<\/p>\n<p>Os sindicatos que j\u00e1 possuem ades\u00e3o para instala\u00e7\u00e3o da CCV n\u00e3o precisam refaz\u00ea-la. A comiss\u00e3o estar\u00e1 apta ao funcionamento enquanto houver renova\u00e7\u00e3o do ACT espec\u00edfico. Os sindicatos que n\u00e3o possuem e queiram fazer a ades\u00e3o devem entrar em contato com a Comiss\u00e3o Nacional de Rela\u00e7\u00f5es Trabalhistas (Ceret) da Caixa, por meio do e-mail ceret13@caixa.gov.br para se informar como fazer para assinar os Termos de Ades\u00e3o para concilia\u00e7\u00e3o com empregados e ex-empregados. Os empregados de entidades que n\u00e3o t\u00eam ades\u00e3o n\u00e3o poder\u00e3o fazer os acordos por meio de CCV.<\/p>\n<p><strong>Fonte: Contraf-CUT<\/strong><\/p>\n","protected":false},"excerpt":{"rendered":"<p>O novo Acordo Coletivo de Trabalho (ACT) espec\u00edfico sobre as Comiss\u00f5es de Concilia\u00e7\u00e3o Volunt\u00e1ria (CCV), da Caixa Econ\u00f4mica Federal, j\u00e1 est\u00e1 em vig\u00eancia. A renova\u00e7\u00e3o foi comunicada pelo banco \u00e0 Confedera\u00e7\u00e3o Nacional dos Trabalhadores do Ramo Financeiro (Contraf-CUT) na noite de quarta-feira (22). No of\u00edcio enviado \u00e0 Contraf-CUT, a Caixa informa que o acordo foi [&hellip;]<\/p>\n","protected":false},"author":2,"featured_media":16097,"comment_status":"","ping_status":"","sticky":false,"template":"","format":"standard","meta":{"footnotes":""},"categories":[3],"tags":[],"class_list":["post-16098","post","type-post","status-publish","format-standard","has-post-thumbnail","hentry","category-noticias"],"_links":{"self":[{"href":"https:\/\/hostnetart.com.br\/baixada\/wp-json\/wp\/v2\/posts\/16098","targetHints":{"allow":["GET"]}}],"collection":[{"href":"https:\/\/hostnetart.com.br\/baixada\/wp-json\/wp\/v2\/posts"}],"about":[{"href":"https:\/\/hostnetart.com.br\/baixada\/wp-json\/wp\/v2\/types\/post"}],"author":[{"embeddable":true,"href":"https:\/\/hostnetart.com.br\/baixada\/wp-json\/wp\/v2\/users\/2"}],"replies":[{"embeddable":true,"href":"https:\/\/hostnetart.com.br\/baixada\/wp-json\/wp\/v2\/comments?post=16098"}],"version-history":[{"count":0,"href":"https:\/\/hostnetart.com.br\/baixada\/wp-json\/wp\/v2\/posts\/16098\/revisions"}],"wp:featuredmedia":[{"embeddable":true,"href":"https:\/\/hostnetart.com.br\/baixada\/wp-json\/wp\/v2\/media\/16097"}],"wp:attachment":[{"href":"https:\/\/hostnetart.com.br\/baixada\/wp-json\/wp\/v2\/media?parent=16098"}],"wp:term":[{"taxonomy":"category","embeddable":true,"href":"https:\/\/hostnetart.com.br\/baixada\/wp-json\/wp\/v2\/categories?post=16098"},{"taxonomy":"post_tag","embeddable":true,"href":"https:\/\/hostnetart.com.br\/baixada\/wp-json\/wp\/v2\/tags?post=16098"}],"curies":[{"name":"wp","href":"https:\/\/api.w.org\/{rel}","templated":true}]}}