{"id":16096,"date":"2025-01-23T18:22:56","date_gmt":"2025-01-23T21:22:56","guid":{"rendered":"https:\/\/hostnetart.com.br\/baixada\/caixa-abre-edital-de-credenciamento-ao-saude-caixa\/"},"modified":"2025-01-23T18:22:56","modified_gmt":"2025-01-23T21:22:56","slug":"caixa-abre-edital-de-credenciamento-ao-saude-caixa","status":"publish","type":"post","link":"https:\/\/hostnetart.com.br\/baixada\/caixa-abre-edital-de-credenciamento-ao-saude-caixa\/","title":{"rendered":"Caixa abre edital de credenciamento ao Sa\u00fade Caixa"},"content":{"rendered":"<\/p>\n<p>Est\u00e1 aberto o edital de 2025 para credenciamento de novos profissionais de sa\u00fade, cl\u00ednicas e hospitais interessados em atender empregadas e empregados da Caixa Econ\u00f4mica Federal que sejam usu\u00e1rios do Sa\u00fade Caixa. O objetivo \u00e9 ampliar a rede credenciada em 2.644 munic\u00edpios de todas as regi\u00f5es do pa\u00eds.<\/p>\n<p>\u201cA amplia\u00e7\u00e3o da rede \u00e9 uma das nossas demandas para aumentar a capilaridade e melhorar o atendimento aos usu\u00e1rios. Por isso, orientamos que todas as entidades e empregados contribuam com a divulga\u00e7\u00e3o da abertura do edital, principalmente para os profissionais, cl\u00ednicas e hospitais onde gostariam de ser atendidos\u201d, disse o coordenador da Comiss\u00e3o Executiva do Empregados (CEE) da Caixa, Rafael de Castro.<\/p>\n<p>Al\u00e9m de hospitais, profissionais e cl\u00ednicas de 15 especialidades podem se credenciar (cardiologia, cirurgia geral, cl\u00ednica m\u00e9dica, coloproctologia\/proctologia, fisioterapia, gastroenterologia, ginecologia e obstetr\u00edcia, odontologia geral, oftalmologia, ortopedia e traumatologia, patologia cl\u00ednica\/medicina laboratorial, pediatria, psiquiatria, radiologia e diagn\u00f3stico por imagem e urologia).<\/p>\n<p>Para mais informa\u00e7\u00f5es e para fazer as indica\u00e7\u00f5es, as entidades, empregadas e empregados devem acessar a <a href=\"https:\/\/centralsaudecaixa.com.br\/faq\/indicacao-para-credenciamento\/\" target=\"_blank\" rel=\"noopener noreferrer\">Central Sa\u00fade Caixa<\/a>.<\/p>\n<h2><strong>Comit\u00eas de credenciamento e descredenciamento<\/strong><\/h2>\n<p>\u201cTodo mundo deve ajudar nesta divulga\u00e7\u00e3o e, principalmente, acessar a p\u00e1gina da Central Sa\u00fade Caixa para fazer as indica\u00e7\u00f5es. Mas j\u00e1 reivindicamos que a Caixa acabe com este formato de credenciamento, que n\u00e3o permite a amplia\u00e7\u00e3o da rede na mesma velocidade das necessidades dos usu\u00e1rios\u201d, lamentou o coordenador da representa\u00e7\u00e3o dos empregados no GT Sa\u00fade Caixa, Leonardo Quadros. \u201cNeste formato, quando h\u00e1 o descredenciamento em um local, n\u00e3o h\u00e1 a possibilidade de novos credenciamentos, pois o edital n\u00e3o est\u00e1 aberto. Com isso, os usu\u00e1rios ficam sem o atendimento, ou precisam se deslocar por longas dist\u00e2ncias para serem atendidos\u201d, explicou.<\/p>\n<p>A Contraf-CUT, assessorada pela CEE, j\u00e1 apresentou, diversas vezes, a reivindica\u00e7\u00e3o \u00e0 Caixa para que sejam reativados os comit\u00eas regionais de credenciamento e descredenciamento do Sa\u00fade Caixa. \u201cIsso ajudaria n\u00e3o apenas a repor as especialidades que sejam descredenciadas, como tamb\u00e9m evitaria os descredenciamentos decorrentes de problemas de rela\u00e7\u00e3o entre o plano de sa\u00fade e prestadores de servi\u00e7o\u201d, completou o coordenador do GT Sa\u00fade Caixa.<\/p>\n<p><strong>Fonte: Contraf-CUT<\/strong><\/p>\n","protected":false},"excerpt":{"rendered":"<p>Est\u00e1 aberto o edital de 2025 para credenciamento de novos profissionais de sa\u00fade, cl\u00ednicas e hospitais interessados em atender empregadas e empregados da Caixa Econ\u00f4mica Federal que sejam usu\u00e1rios do Sa\u00fade Caixa. O objetivo \u00e9 ampliar a rede credenciada em 2.644 munic\u00edpios de todas as regi\u00f5es do pa\u00eds. \u201cA amplia\u00e7\u00e3o da rede \u00e9 uma das [&hellip;]<\/p>\n","protected":false},"author":2,"featured_media":16095,"comment_status":"","ping_status":"","sticky":false,"template":"","format":"standard","meta":{"footnotes":""},"categories":[3],"tags":[],"class_list":["post-16096","post","type-post","status-publish","format-standard","has-post-thumbnail","hentry","category-noticias"],"_links":{"self":[{"href":"https:\/\/hostnetart.com.br\/baixada\/wp-json\/wp\/v2\/posts\/16096","targetHints":{"allow":["GET"]}}],"collection":[{"href":"https:\/\/hostnetart.com.br\/baixada\/wp-json\/wp\/v2\/posts"}],"about":[{"href":"https:\/\/hostnetart.com.br\/baixada\/wp-json\/wp\/v2\/types\/post"}],"author":[{"embeddable":true,"href":"https:\/\/hostnetart.com.br\/baixada\/wp-json\/wp\/v2\/users\/2"}],"replies":[{"embeddable":true,"href":"https:\/\/hostnetart.com.br\/baixada\/wp-json\/wp\/v2\/comments?post=16096"}],"version-history":[{"count":0,"href":"https:\/\/hostnetart.com.br\/baixada\/wp-json\/wp\/v2\/posts\/16096\/revisions"}],"wp:featuredmedia":[{"embeddable":true,"href":"https:\/\/hostnetart.com.br\/baixada\/wp-json\/wp\/v2\/media\/16095"}],"wp:attachment":[{"href":"https:\/\/hostnetart.com.br\/baixada\/wp-json\/wp\/v2\/media?parent=16096"}],"wp:term":[{"taxonomy":"category","embeddable":true,"href":"https:\/\/hostnetart.com.br\/baixada\/wp-json\/wp\/v2\/categories?post=16096"},{"taxonomy":"post_tag","embeddable":true,"href":"https:\/\/hostnetart.com.br\/baixada\/wp-json\/wp\/v2\/tags?post=16096"}],"curies":[{"name":"wp","href":"https:\/\/api.w.org\/{rel}","templated":true}]}}