{"id":16092,"date":"2025-01-22T13:53:13","date_gmt":"2025-01-22T16:53:13","guid":{"rendered":"https:\/\/hostnetart.com.br\/baixada\/bancarios-aprovam-propostas-para-a-5-conferencia-nacional-do-meio-ambiente\/"},"modified":"2025-01-22T13:53:13","modified_gmt":"2025-01-22T16:53:13","slug":"bancarios-aprovam-propostas-para-a-5-conferencia-nacional-do-meio-ambiente","status":"publish","type":"post","link":"https:\/\/hostnetart.com.br\/baixada\/bancarios-aprovam-propostas-para-a-5-conferencia-nacional-do-meio-ambiente\/","title":{"rendered":"Banc\u00e1rios aprovam propostas para a 5\u00aa Confer\u00eancia Nacional do Meio Ambiente"},"content":{"rendered":"<p>Dirigentes sindicais da categoria banc\u00e1ria, de v\u00e1rias partes do pa\u00eds, participaram, nesta segunda-feira (20), da\u00a0<strong>Confer\u00eancia Livre do Meio Ambiente<\/strong>, promovida pela Confedera\u00e7\u00e3o Nacional dos Trabalhadores e das Trabalhadoras do Ramo Financeiro (Contraf-CUT). O\u00a0<strong>encontro faz parte de uma das etapas da 5\u00aa Confer\u00eancia Nacional do Meio Ambiente<\/strong>, que ser\u00e1 realizada em maio, em Bras\u00edlia, pelo Minist\u00e9rio do Meio Ambiente e Mudan\u00e7as Clim\u00e1ticas.<\/p>\n<p>Realizado de forma remota, pela plataforma Zoom, o evento teve as palestras das economistas e t\u00e9cnicas do Dieese, Renata Belzunces e Vivian Machado, que\u00a0<strong>analisaram a crise ambiental enfrentada hoje pela humanidade, no contexto pol\u00edtico e social do momento<\/strong>, assim como a\u00e7\u00f5es que foram tentadas ao longo dos \u00faltimos anos, desde que os cientistas come\u00e7aram a detectar a rela\u00e7\u00e3o entre fen\u00f4menos ambientais com colocam em risco as vidas e o aumento da emiss\u00e3o de gases poluentes e que interferem no clima do planeta.<\/p>\n<p><strong>Renata Belzunces explicou que n\u00e3o existe mais possibilidade de reverter o processo de aumento de temperaturas.<\/strong>\u00a0&#8220;Por mais que todos aqui n\u00e3o sejam especialistas em clima, boa parte j\u00e1 ouviu falar do Acordo Clim\u00e1tico de Paris [de dezembro de 2015], no qual foram realizados compromissos. Nessa carta, os pa\u00edses membros se comprometeram com metas que deveriam fazer com que cheg\u00e1ssemos, em 2030, com redu\u00e7\u00e3o de 1,5 graus Celsius em rela\u00e7\u00e3o \u00e0 temperatura do per\u00edodo pr\u00e9-industrial [de 1850 a 1900]. Alcan\u00e7ar isso agora \u00e9 imposs\u00edvel. N\u00f3s passamos essa marca em aumento de temperatura m\u00e9dia. Com isso, agora, cada ano que vir\u00e1 ser\u00e1 o ano mais quente da hist\u00f3ria e o mais frio das nossas vidas&#8221;.<\/p>\n<p><strong>A pesquisadora observou que o cen\u00e1rio obriga a humanidade a se adaptar e mitigar, ou seja, desenvolver estrat\u00e9gias para amenizar a escalada de fen\u00f4menos ambientais em decorr\u00eancia da crise clim\u00e1tica<\/strong>. &#8220;Ainda que deix\u00e1ssemos de emitir totalmente gases de efeito estufa, o que j\u00e1 foi emitido continuar\u00e1 por longos per\u00edodos na atmosfera. Isso porque<strong>\u00a0o principal g\u00e1s que a humanidade emite<\/strong>,\u00a0<strong>por exemplo, na ind\u00fastria, em queimadas ou pelo uso combust\u00edveis f\u00f3sseis,\u00a0<\/strong><strong>o di\u00f3xido de carbono (CO2), fica d\u00e9cadas na atmosfera.\u00a0<\/strong>O que tem sido discutido \u00e9 que a temperatura continuar\u00e1 subindo, pelo menos, nos pr\u00f3ximos 50 anos&#8221;, explicou.<\/p>\n<p>O secret\u00e1rio-geral da Contraf-CUT,\u00a0<strong>Gustavo Tabatinga<\/strong>, pontuou que, ainda que o debate ambiental seja uma bandeira levantada h\u00e1 anos pelo movimento sindical mundial,\u00a0<strong>a sociedade, como um todo, est\u00e1 entrando atrasada no debate<\/strong>, da maneira como deveria ter sido tratado para evitar o quadro atual. &#8220;Se, em outros momentos hist\u00f3ricos, a nossa luta, como trabalhadores, era contra o sistema financeiro e quest\u00f5es sociais, como acabar com as guerras e lutar pela paz, agora, temos mais uma luta que \u00e9\u00a0<strong>cuidar do planeta para sobreviver<\/strong>&#8220;, completou.<\/p>\n<p>A colega de Renata no Dieese,\u00a0<strong>Vivian Machado<\/strong>, ressaltou que a\u00a0<strong>conscientiza\u00e7\u00e3o ainda \u00e9 um dos grandes desafios na quest\u00e3o ambiental<\/strong>. Ela trouxe ao encontro o termo\u00a0<strong>&#8220;s\u00edndrome da mudan\u00e7a da linha de base&#8221;<\/strong>, criado por ecologistas para denominar um truque mental que tem feito com que as pessoas se acostumem com as condi\u00e7\u00f5es ambientais, levando a uma eros\u00e3o gradativa dos padr\u00f5es ligados ao tema.<\/p>\n<p><strong>&#8220;Ou seja, por mais que estejam acontecendo altera\u00e7\u00f5es significativas no clima, at\u00e9 mesmo pessoas que n\u00e3o s\u00e3o negacionistas t\u00eam sofrido com esse fen\u00f4meno, n\u00e3o julgando com tanta urg\u00eancia a crise que estamos enfrentando. E \u00e9 nesse comportamento coletivo que pol\u00edticos populistas, como Donald Trump, acabam surfando&#8221;<\/strong>, completou a economista sobre o rec\u00e9m-empossado presidente dos Estados Unidos que anunciou, no seu primeiro dia de mandato, a retirada da participa\u00e7\u00e3o estadunidense do Acordo de Paris. Trump j\u00e1 havia retirado os Estados Unidos do pacto clim\u00e1tico internacional para combate \u00e0s emiss\u00f5es de carbono, no seu primeiro mandato, mas o seu sucessor, Joe Biden havia recolocado o pa\u00eds no acordo.<\/p>\n<h2>Expectativas quanto a COP30<\/h2>\n<p>Outro assunto muito discutido na Confer\u00eancia Livre de Meio Ambiente da Contraf-CUT s\u00e3o\u00a0<strong>as expectativas em torno da Confer\u00eancia das Na\u00e7\u00f5es Unidas sobre as Mudan\u00e7as Clim\u00e1ticas de 2025<\/strong>, a COP30, que ser\u00e1 realizada na cidade de Bel\u00e9m, no Par\u00e1.<\/p>\n<p>A banc\u00e1ria e presidenta da Central \u00danica dos Trabalhadores\/CUT-Par\u00e1, Vera Paoloni, reafirmou que um dos grandes desafios do tema ainda \u00e9 a informa\u00e7\u00e3o. &#8220;Logo quando come\u00e7amos a nos mobilizar, quando foi definido que a COP30 aconteceria no nosso estado e levamos isso para o movimento sindical, muitos nos perguntavam o que era a COP. Ent\u00e3o, ainda precisamos transformar o assunto do meio ambiente em um assunto cotidiano&#8221;, refletiu.<\/p>\n<p>A dirigente, entretanto, ressaltou que o\u00a0<strong>movimento sindical tem hist\u00f3rico de conquistas na quest\u00e3o ambiental<\/strong>, o que levou \u00e0 cria\u00e7\u00e3o da cl\u00e1usula 69, na recente renova\u00e7\u00e3o do Acordo Coletivo de Trabalho do Banco do Estado do Par\u00e1 (<strong>Banpar\u00e1<\/strong>). &#8220;Essa\u00a0<strong>cl\u00e1usula 69, intitulada de cl\u00e1usula do Meio Ambiente e da Transi\u00e7\u00e3o Justa<\/strong>, determina que o banco empreenda todos os esfor\u00e7os na busca pelo desmatamento zero, disponibilize informa\u00e7\u00f5es sobre concess\u00e3o de cr\u00e9dito para atividades de prote\u00e7\u00e3o ambiental e clim\u00e1tica, entre outros pontos fundamentais, como promover a pr\u00f3pria transi\u00e7\u00e3o justa, para que trabalhadores n\u00e3o sejam prejudicados diante da transi\u00e7\u00e3o da economia atual para uma economia ambientalmente respons\u00e1vel&#8221;.<\/p>\n<p>Outra conquista, desta vez de toda a categoria do pa\u00eds, foram tr\u00eas novas cl\u00e1usulas na\u00a0<a href=\"https:\/\/contrafcut.com.br\/noticias\/bancarios-conquistam-aumento-real-nos-salarios-e-verbas-para-2024-e-2025\/\" target=\"_blank\" rel=\"noopener noreferrer\">\u00faltima renova\u00e7\u00e3o da Conven\u00e7\u00e3o Coletiva de Trabalho<\/a>, onde os<strong>\u00a0bancos se comprometeram a apoiar iniciativas de cuidar dos empregos diretamente atingidos por situa\u00e7\u00f5es de calamidade, disponibilizar informa\u00e7\u00f5es e cuidados sobre os atingidos por calamidades e a autom\u00e1tica instala\u00e7\u00e3o de um Comit\u00ea de Crise<\/strong>, com participa\u00e7\u00e3o de representantes das empresas e trabalhadores, em situa\u00e7\u00f5es de calamidade p\u00fablica, como ocorreu nas enchentes do Rio Grande do Sul, em 2024.<\/p>\n<p>&#8220;Esse exemplo da categoria banc\u00e1ria \u00e9 importante para todas as outras categorias de trabalhadores, porque mostra a import\u00e2ncia do papel de entidades sindicais fortes e o que significa ter trabalho decente de n\u00e3o ter trabalho decente. No Rio Grande do Sul, os banc\u00e1rios conseguiram assegurar seus direitos e empregos por causa da a\u00e7\u00e3o dos sindicatos, por outro lado, muitas pessoas com empregos informais e, portanto, sem prote\u00e7\u00e3o social, tiveram maiores preju\u00edzos&#8221;, avaliou Renata, completando que h\u00e1 uma expectativa grande sobre a COP30.<\/p>\n<p><strong>\u201cEssa Confer\u00eancia, em Bel\u00e9m, se dar\u00e1 sobre o fracasso do Acordo de Paris e de todas as COPs anteriores, mas em uma janela de oportunidades para debater o assunto, em que mentes e cora\u00e7\u00f5es est\u00e3o abertos para a quest\u00e3o ambiental\u201d<\/strong>, salientou.<\/p>\n<h2>Pauta permanente da classe trabalhadora<\/h2>\n<p>A secret\u00e1ria de Meio Ambiente da CUT Nacional e dirigente da Contraf-CUT,\u00a0<strong>Rosalina Amorim<\/strong>, ressaltou que a popula\u00e7\u00e3o mais pobre e dos pa\u00edses em desenvolvimento s\u00e3o as mais atingidas pelas crises clim\u00e1ticas e abordou o termo\u00a0<strong>racismo clim\u00e1tico<\/strong>,\u00a0<strong>usado para descrever a maior vulnerabilidade das popula\u00e7\u00f5es marginalizadas em rela\u00e7\u00e3o aos fen\u00f4menos extremos em curso<\/strong>. &#8220;A quest\u00e3o ambiental, diante de tudo que vem acontecendo, torna-se uma das prioridades da classe trabalhadora. Mais do que nunca repensar a economia para mitigar os efeitos da quest\u00e3o clim\u00e1tica \u00e9 determinar se vamos ou n\u00e3o sobreviver&#8221;, ponderou.<\/p>\n<p>A secret\u00e1ria de Pol\u00edticas Sociais da Contraf-CUT e, tamb\u00e9m, organizadora da Confer\u00eancia Livre do Meio Ambiente,<strong>\u00a0Elaine Cutis<\/strong>, refor\u00e7ou que 2025 ser\u00e1 um ano decisivo para que a sociedade lute por conquistas na quest\u00e3o ambiental. \u201cN\u00e3o s\u00f3 porque \u00e9 ano da COP30, mas porque estamos assistindo a uma escala significativa de desastres ambientais, com registros de fen\u00f4menos que antes n\u00e3o existiam ou eram raros, como os tuf\u00f5es no sul do Brasil.\u00a0<strong>Apesar do forte negacionismo que ainda impera, simbolizado por pol\u00edticos como Trump, nos Estados Unidos, e a fam\u00edlia Bolsonaro, aqui no Brasil, cada vez mais a sociedade ser\u00e1 obrigada a enfrentar o assunto<\/strong>\u201d, destacou.<\/p>\n<p>\u00a0<\/p>\n<h2>Propostas da categoria \u00e0 5\u00aa Confer\u00eancia<\/h2>\n<p>No final das exposi\u00e7\u00f5es os participantes da Confer\u00eancia Livre do Meio Ambiente da Contraf-CUT\u00a0<strong>aprovaram as propostas da categoria para contribuir com a 5\u00aa Confer\u00eancia Nacional do Meio Ambiente<\/strong>. Al\u00e9m disso, elegeram Elaine Cutis como a delegada que representar\u00e1 o grupo na apresenta\u00e7\u00e3o das propostas.<\/p>\n<p>As medidas pensadas pelos banc\u00e1rios foram em torno dos<strong>\u00a0cinco eixos<\/strong>\u00a0tem\u00e1ticos que j\u00e1 haviam sido estabelecidos pelo Minist\u00e9rio do Meio Ambiente e Mudan\u00e7as Clim\u00e1ticas. Veja a seguir:<\/p>\n<p>As institui\u00e7\u00f5es do Ramo Financeiro, cientes das urg\u00eancias clim\u00e1ticas e sociais, sem preju\u00edzo das imposi\u00e7\u00f5es definidas pela legisla\u00e7\u00e3o federal, estadual e municipal, firmam compromisso com:<\/p>\n<p><strong>Eixo Mitiga\u00e7\u00e3o: redu\u00e7\u00e3o da emiss\u00e3o de gases de efeito estufa<\/strong><\/p>\n<p>1. O desmatamento zero e os Acordos Clim\u00e1ticos: estabelecimento de planos para se alinhar aos objetivos do Acordo de Paris e do Marco Global da Biodiversidade em sua Pol\u00edtica de Responsabilidade Socioambiental e Clim\u00e1tica (PRSAC), como crit\u00e9rio nas concess\u00f5es de cr\u00e9dito e investimento, observando, especialmente, o cumprimento dos requisitos de licenciamento ambiental, com a apresenta\u00e7\u00e3o das devidas licen\u00e7as ambientais.<\/p>\n<p>2. A responsabilidade ambiental na concess\u00e3o de cr\u00e9ditos: cancelamento e a suspens\u00e3o imediata na concess\u00e3o de cr\u00e9dito e investimentos para im\u00f3veis rurais e empresas com irregularidades socioambientais e a n\u00e3o concess\u00e3o de cr\u00e9ditos e promo\u00e7\u00e3o de investimentos para empresas e atividades prejudiciais \u00e0 biodiversidade e ao clima.<\/p>\n<p><strong>Eixo Adapta\u00e7\u00e3o e prepara\u00e7\u00e3o para desastres<\/strong><\/p>\n<p>1. Capacita\u00e7\u00e3o e Pesquisas: investimentos na qualifica\u00e7\u00e3o permanente de trabalhador@s e da popula\u00e7\u00e3o em geral, que assegure o pleno atendimento aos requisitos socioambientais demandados para a presta\u00e7\u00e3o dos servi\u00e7os, por meio de promo\u00e7\u00e3o de cursos, capacita\u00e7\u00f5es e contrata\u00e7\u00e3o de pessoal; e financiamento de projetos sustent\u00e1veis e em pesquisas para identificar \u00e1reas mais vulner\u00e1veis.<\/p>\n<p>2. A Infraestrutura e sistemas de alerta: Contribuir com o financiamento de obras para evitar ou reduzir inunda\u00e7\u00f5es; na constru\u00e7\u00e3o barreiras para proteger a popula\u00e7\u00e3o contra o aumento do n\u00edvel do mar; na amplia\u00e7\u00e3o de \u00e1reas verdes nas regi\u00f5es de atua\u00e7\u00e3o das entidades do ramo financeiro; contribuir e participar com os recursos necess\u00e1rios no desenvolvimento de sistemas de alerta precoce de desastres naturais.<\/p>\n<p><strong>Eixo Justi\u00e7a clim\u00e1tica<\/strong><\/p>\n<p>1. Cria\u00e7\u00e3o de Normas Regulamentadoras, com protocolos espec\u00edficos de prote\u00e7\u00e3o \u00e0 sa\u00fade de trabalhador@s, nos seus diversos segmentos, em dias concentra\u00e7\u00e3o excessiva de polui\u00e7\u00e3o atmosf\u00e9rica, calor excessivo, chuvas intensas e demais situa\u00e7\u00f5es ambientais extremas, e defini\u00e7\u00e3o de uma pol\u00edtica nacional para tratar dos vencimentos e jornada dos trabalhadores afetados diretamente em seus locais de moradia e\/ou trabalho por eventos ambientais agudos. Estimular a negocia\u00e7\u00e3o coletiva direta para os mesmos fins.<\/p>\n<p>2. Prote\u00e7\u00e3o dos direitos humanos diante de medidas de transi\u00e7\u00e3o energ\u00e9tica verde: Implementar parcerias junto ao setor p\u00fablico para atuar em projetos que estimulem o desenvolvimento de mecanismos e tecnologias de produ\u00e7\u00e3o de energias renov\u00e1veis; amplia\u00e7\u00e3o de meios de transporte eletrificados e tecnologias de agricultura de baixo carbono, com pol\u00edticas p\u00fablicas atentas \u00e0 l\u00f3gica\u00a0da distribui\u00e7\u00e3o dos \u00f4nus e b\u00f4nus, com aten\u00e7\u00e3o maior \u00e0s comunidades mais vulner\u00e1veis.<\/p>\n<p><strong>Eixo Transforma\u00e7\u00e3o ecol\u00f3gica<\/strong><\/p>\n<p>1. Articula\u00e7\u00e3o com o poder p\u00fablico para formula\u00e7\u00e3o de pol\u00edticas e desenvolvimento de produtos financeiros voltados aos investimentos para a transi\u00e7\u00e3o ecol\u00f3gica justa, com indu\u00e7\u00e3o de cadeias produtivas de baixo impacto ambiental; incentivando a gera\u00e7\u00e3o de emprego e renda; redu\u00e7\u00e3o de desigualdades; requalifica\u00e7\u00e3o profissional para trabalhador@s de setores com maior impacto ambiental ou na linha de frente das mudan\u00e7as estruturais; e seguridade social para trabalhador@s de setores n\u00e3o contemplados;<\/p>\n<p>2. Cria\u00e7\u00e3o de Programas de Incentivo ao desenvolvimento da Economia Circular: financiamentos a taxas mais acess\u00edveis de projetos e cursos de capacita\u00e7\u00e3o que atendam, especialmente, \u00e0 agricultura familiar, popula\u00e7\u00e3o ind\u00edgena e quilombolas.<\/p>\n<p>\u00a0<\/p>\n<p><strong>Eixo Governan\u00e7a e educa\u00e7\u00e3o ambiental<\/strong><\/p>\n<p>1. Educa\u00e7\u00e3o Ambiental: qualifica\u00e7\u00e3o permanente de trabalhador@s que assegure a compreens\u00e3o e o pleno atendimento aos requisitos socioambientais demandados na presta\u00e7\u00e3o dos servi\u00e7os, por meio da promo\u00e7\u00e3o de cursos e capacita\u00e7\u00f5es, num processo de transi\u00e7\u00e3o justa, dialogando com os sindicatos sobre as inova\u00e7\u00f5es e transforma\u00e7\u00f5es dos produtos financeiros motivados por demandas ambientais que impactem no emprego e na execu\u00e7\u00e3o dos trabalhos;<\/p>\n<p>2. Negocia\u00e7\u00e3o Coletiva Permanente: constru\u00e7\u00e3o em negocia\u00e7\u00e3o coletiva bipartite de uma cl\u00e1usula sobre as Mudan\u00e7as Clim\u00e1ticas e Calamidades, de modo a tratar de medidas preventivas e cuidados p\u00f3s desastres clim\u00e1ticos, com o estabelecimento de uma Mesa de Negocia\u00e7\u00e3o Nacional permanente sobre os temas relacionados ao meio ambiente.<\/p>\n<p><strong>Fonte: Contraf-CUT<\/strong><\/p>\n","protected":false},"excerpt":{"rendered":"<p>Dirigentes sindicais da categoria banc\u00e1ria, de v\u00e1rias partes do pa\u00eds, participaram, nesta segunda-feira (20), da\u00a0Confer\u00eancia Livre do Meio Ambiente, promovida pela Confedera\u00e7\u00e3o Nacional dos Trabalhadores e das Trabalhadoras do Ramo Financeiro (Contraf-CUT). O\u00a0encontro faz parte de uma das etapas da 5\u00aa Confer\u00eancia Nacional do Meio Ambiente, que ser\u00e1 realizada em maio, em Bras\u00edlia, pelo Minist\u00e9rio [&hellip;]<\/p>\n","protected":false},"author":2,"featured_media":16091,"comment_status":"","ping_status":"","sticky":false,"template":"","format":"standard","meta":{"footnotes":""},"categories":[3],"tags":[],"class_list":["post-16092","post","type-post","status-publish","format-standard","has-post-thumbnail","hentry","category-noticias"],"_links":{"self":[{"href":"https:\/\/hostnetart.com.br\/baixada\/wp-json\/wp\/v2\/posts\/16092","targetHints":{"allow":["GET"]}}],"collection":[{"href":"https:\/\/hostnetart.com.br\/baixada\/wp-json\/wp\/v2\/posts"}],"about":[{"href":"https:\/\/hostnetart.com.br\/baixada\/wp-json\/wp\/v2\/types\/post"}],"author":[{"embeddable":true,"href":"https:\/\/hostnetart.com.br\/baixada\/wp-json\/wp\/v2\/users\/2"}],"replies":[{"embeddable":true,"href":"https:\/\/hostnetart.com.br\/baixada\/wp-json\/wp\/v2\/comments?post=16092"}],"version-history":[{"count":0,"href":"https:\/\/hostnetart.com.br\/baixada\/wp-json\/wp\/v2\/posts\/16092\/revisions"}],"wp:featuredmedia":[{"embeddable":true,"href":"https:\/\/hostnetart.com.br\/baixada\/wp-json\/wp\/v2\/media\/16091"}],"wp:attachment":[{"href":"https:\/\/hostnetart.com.br\/baixada\/wp-json\/wp\/v2\/media?parent=16092"}],"wp:term":[{"taxonomy":"category","embeddable":true,"href":"https:\/\/hostnetart.com.br\/baixada\/wp-json\/wp\/v2\/categories?post=16092"},{"taxonomy":"post_tag","embeddable":true,"href":"https:\/\/hostnetart.com.br\/baixada\/wp-json\/wp\/v2\/tags?post=16092"}],"curies":[{"name":"wp","href":"https:\/\/api.w.org\/{rel}","templated":true}]}}