{"id":16090,"date":"2025-01-21T13:42:12","date_gmt":"2025-01-21T16:42:12","guid":{"rendered":"https:\/\/hostnetart.com.br\/baixada\/movimento-sindical-entra-na-justica-contra-a-cassi-para-suspender-cobrancas-aos-funcionarios-do-bb\/"},"modified":"2025-01-21T13:42:12","modified_gmt":"2025-01-21T16:42:12","slug":"movimento-sindical-entra-na-justica-contra-a-cassi-para-suspender-cobrancas-aos-funcionarios-do-bb","status":"publish","type":"post","link":"https:\/\/hostnetart.com.br\/baixada\/movimento-sindical-entra-na-justica-contra-a-cassi-para-suspender-cobrancas-aos-funcionarios-do-bb\/","title":{"rendered":"Movimento Sindical entra na Justi\u00e7a contra a Cassi para suspender cobran\u00e7as aos funcion\u00e1rios do BB"},"content":{"rendered":"<\/p>\n<p>A Contraf-CUT entrou na Justi\u00e7a contra a Cassi, para solicitar a suspens\u00e3o imediata das cobran\u00e7as feitas aos funcion\u00e1rios do Banco do Brasil associados \u00e0 entidade. Essas cobran\u00e7as referem-se a valores recebidos em a\u00e7\u00f5es trabalhistas e acordos firmados em Comiss\u00e3o de Concilia\u00e7\u00e3o Volunt\u00e1ria (CCV) ou Comiss\u00e3o de Concilia\u00e7\u00e3o Pr\u00e9via (CCP) entre julho de 2010 e setembro de 2023.<\/p>\n<p>Na \u00e9poca, o Banco do Brasil n\u00e3o recolheu sua parte nem descontou dos funcion\u00e1rios os valores devidos \u00e0 Cassi, apesar dos alertas do movimento sindical sobre a obrigatoriedade desse recolhimento. Agora, a Cassi est\u00e1 cobrando dos associados esses valores, gerando grande preocupa\u00e7\u00e3o entre os trabalhadores.<\/p>\n<p>O secret\u00e1rio-geral da Contraf-CUT, Gustavo Tabatinga Jr., explicou: \u201cAp\u00f3s tentativas de negocia\u00e7\u00e3o com a Cassi sem sucesso e diante da amea\u00e7a de cobran\u00e7a autom\u00e1tica e da possibilidade de tornar os associados inadimplentes, n\u00e3o nos restou outra alternativa. Acionamos judicialmente a Cassi para buscar o que sempre pedimos: a suspens\u00e3o dessas cobran\u00e7as.\u201d<\/p>\n<p>A Contraf-CUT continua orientando os banc\u00e1rios a n\u00e3o aderirem a qualquer proposta da Cassi enquanto o processo judicial estiver em andamento. Para quem j\u00e1 efetuou a ades\u00e3o, a recomenda\u00e7\u00e3o \u00e9 procurar a Cassi para cancel\u00e1-la. \u201cAgora, esperamos que a Justi\u00e7a suspenda essa cobran\u00e7a imediatamente\u201d, completou Tabatinga.<\/p>\n<p>Al\u00e9m disso, a confedera\u00e7\u00e3o enviou dois of\u00edcios ao Banco do Brasil solicitando que n\u00e3o sejam realizados descontos autom\u00e1ticos para os banc\u00e1rios que n\u00e3o aderiram \u00e0s propostas da Cassi, especialmente para aqueles que est\u00e3o sendo cobrados diretamente via d\u00e9bito em conta. \u201cN\u00e3o sabemos qual marco legal a Cassi adotou para realizar tais d\u00e9bitos. Por isso, comunicamos ao banco a necessidade de n\u00e3o realizar d\u00e9bito autom\u00e1tico sem a expressa autoriza\u00e7\u00e3o das banc\u00e1rias e dos banc\u00e1rios\u201d, afirmou Tabatinga.<\/p>\n<p>Em outro of\u00edcio, a entidade solicitou a abertura imediata de uma mesa de negocia\u00e7\u00e3o com a Comiss\u00e3o de Empresa dos Funcion\u00e1rios do BB para buscar uma solu\u00e7\u00e3o para as cobran\u00e7as. \u201cOs funcion\u00e1rios do BB n\u00e3o podem ser responsabilizados pela omiss\u00e3o dolosa do banco\u201d, destacou a coordenadora da CEBB, Fernanda Lopes.<\/p>\n<p><strong>Fonte: Contraf-CUT<\/strong><\/p>\n","protected":false},"excerpt":{"rendered":"<p>A Contraf-CUT entrou na Justi\u00e7a contra a Cassi, para solicitar a suspens\u00e3o imediata das cobran\u00e7as feitas aos funcion\u00e1rios do Banco do Brasil associados \u00e0 entidade. Essas cobran\u00e7as referem-se a valores recebidos em a\u00e7\u00f5es trabalhistas e acordos firmados em Comiss\u00e3o de Concilia\u00e7\u00e3o Volunt\u00e1ria (CCV) ou Comiss\u00e3o de Concilia\u00e7\u00e3o Pr\u00e9via (CCP) entre julho de 2010 e setembro [&hellip;]<\/p>\n","protected":false},"author":2,"featured_media":16089,"comment_status":"","ping_status":"","sticky":false,"template":"","format":"standard","meta":{"footnotes":""},"categories":[3],"tags":[],"class_list":["post-16090","post","type-post","status-publish","format-standard","has-post-thumbnail","hentry","category-noticias"],"_links":{"self":[{"href":"https:\/\/hostnetart.com.br\/baixada\/wp-json\/wp\/v2\/posts\/16090","targetHints":{"allow":["GET"]}}],"collection":[{"href":"https:\/\/hostnetart.com.br\/baixada\/wp-json\/wp\/v2\/posts"}],"about":[{"href":"https:\/\/hostnetart.com.br\/baixada\/wp-json\/wp\/v2\/types\/post"}],"author":[{"embeddable":true,"href":"https:\/\/hostnetart.com.br\/baixada\/wp-json\/wp\/v2\/users\/2"}],"replies":[{"embeddable":true,"href":"https:\/\/hostnetart.com.br\/baixada\/wp-json\/wp\/v2\/comments?post=16090"}],"version-history":[{"count":0,"href":"https:\/\/hostnetart.com.br\/baixada\/wp-json\/wp\/v2\/posts\/16090\/revisions"}],"wp:featuredmedia":[{"embeddable":true,"href":"https:\/\/hostnetart.com.br\/baixada\/wp-json\/wp\/v2\/media\/16089"}],"wp:attachment":[{"href":"https:\/\/hostnetart.com.br\/baixada\/wp-json\/wp\/v2\/media?parent=16090"}],"wp:term":[{"taxonomy":"category","embeddable":true,"href":"https:\/\/hostnetart.com.br\/baixada\/wp-json\/wp\/v2\/categories?post=16090"},{"taxonomy":"post_tag","embeddable":true,"href":"https:\/\/hostnetart.com.br\/baixada\/wp-json\/wp\/v2\/tags?post=16090"}],"curies":[{"name":"wp","href":"https:\/\/api.w.org\/{rel}","templated":true}]}}