{"id":1609,"date":"2013-10-15T00:00:00","date_gmt":"2013-10-15T03:00:00","guid":{"rendered":"https:\/\/hostnetart.com.br\/baixada\/termina-em-todo-pais-greve-nacional-nos-bancos-privados-no-bb-e-na-caixa\/"},"modified":"2013-10-15T00:00:00","modified_gmt":"2013-10-15T03:00:00","slug":"termina-em-todo-pais-greve-nacional-nos-bancos-privados-no-bb-e-na-caixa","status":"publish","type":"post","link":"https:\/\/hostnetart.com.br\/baixada\/termina-em-todo-pais-greve-nacional-nos-bancos-privados-no-bb-e-na-caixa\/","title":{"rendered":"Termina em todo pa\u00eds greve nacional nos bancos privados, no BB e na Caixa"},"content":{"rendered":"<p>As \u00faltimas assembleias dos banc\u00e1rios de bancos privados, do Banco do Brasil e da Caixa Econ\u00f4mica Federal, realizadas nesta segunda-feira 14 em v\u00e1rios estados, aprovaram as propostas da Fenaban e os acordos espec\u00edficos dos dois bancos p\u00fablicos federais, encerrando a greve nacional nessas institui\u00e7\u00f5es financeiras. Continuam em greve os banc\u00e1rios do BNB em v\u00e1rias cidades do Nordeste, do Banrisul em diversas localidades ga\u00fachas e catarinenses, do Banco da Amaz\u00f4nia e do Banpar\u00e1 (veja a lista completa abaixo).<\/p>\n<p>\u00a0<\/p>\n<p>A proposta dos bancos eleva para 8,0% (aumento real de 1,82%) o \u00edndice de reajuste sobre os sal\u00e1rios e demais verbas, para 8,5% sobre o piso salarial (ganho real de 2,29%) e 10% sobre o valor fixo da regra b\u00e1sica e sobre o teto da parcela adicional da PLR (Participa\u00e7\u00e3o nos Lucros e Resultados). Tamb\u00e9m aumenta de 2% para 2,2% o lucro l\u00edquido a ser distribu\u00eddo linearmente na parcela adicional da PLR e avan\u00e7a em outras reivindica\u00e7\u00f5es econ\u00f4micas e sociais.<\/p>\n<p>\u00a0<\/p>\n<p>A nova proposta da Fenaban foi apresentada no 22\u00ba dia da greve. E s\u00f3 avan\u00e7ou ap\u00f3s 18 horas de duras negocia\u00e7\u00f5es, depois que os bancos recuaram da proposi\u00e7\u00e3o inicial de compensar todos os dias de greve em 180 dias, aceitando compensar no m\u00e1ximo uma hora extra di\u00e1ria, de segunda a sexta-feira, at\u00e9 15 de dezembro \u2013 a partir da assinatura do acordo.<\/p>\n<p>\u00a0<\/p>\n<p>Ela inclui ainda quatro novas cl\u00e1usulas: proibi\u00e7\u00e3o de os bancos enviarem SMS aos banc\u00e1rios cobrando resultados, abono-assiduidade de um dia por ano, constitui\u00e7\u00e3o de grupo de trabalho com especialistas para apurar as causas dos adoecimentos dos banc\u00e1rios e ades\u00e3o ao programa de vale-cultura do governo, no valor de R$ 50,00 por m\u00eas.<\/p>\n<p>\u00a0<\/p>\n<p>\u00a0<\/p>\n<p><strong>Pagamento da PLR e dos atrasados<\/strong><\/p>\n<p>\u00a0<\/p>\n<p>A primeira parcela da PLR ser\u00e1 paga pelos bancos at\u00e9 dez dias ap\u00f3s a assinatura da Conven\u00e7\u00e3o Coletiva. Veja na proposta da Fenaban, abaixo, como ser\u00e1 o adiantamento.<\/p>\n<p>\u00a0<\/p>\n<p>Como a data-base da categoria \u00e9 1\u00ba de setembro, os banc\u00e1rios receber\u00e3o a diferen\u00e7a retroativa dos reajustes conquistados nos sal\u00e1rios e vales refei\u00e7\u00e3o e alimenta\u00e7\u00e3o referentes aos meses de setembro e outubro.<\/p>\n<p>\u00a0<\/p>\n<p><a href=\"http:\/\/www.contrafcut.org.br\/download\/Arquivo\/13101419235.jpg\" target=\"_blank\" rel=\"noopener noreferrer\">Veja aqui<\/a>\u00a0quanto cada um vai receber, segundo c\u00e1lculo do Dieese subsec\u00e7\u00e3o Sese do Sindicato de S\u00e3o Paulo.<\/p>\n<p>\u00a0<\/p>\n<p>\u00a0<\/p>\n<p><strong>Vit\u00f3ria da mobiliza\u00e7\u00e3o, da ousadia e da unidade<\/strong><\/p>\n<p>\u00a0<\/p>\n<p>\u201cOs banc\u00e1rios est\u00e3o de parab\u00e9ns. Deram mais uma grande demonstra\u00e7\u00e3o de for\u00e7a, dobrando a intransig\u00eancia dos bancos, que este ano tinham a estrat\u00e9gia clara de acabar com os aumentos reais e rebaixar conquistas para reduzir custos, de vencer os banc\u00e1rios pelo cansa\u00e7o e de punir os grevistas com o desconto dos dias parados. Foi a vit\u00f3ria da mobiliza\u00e7\u00e3o, da ousadia e da unidade\u201d, avalia Carlos Cordeiro, presidente da Contraf-CUT e coordenador do Comando Nacional.<\/p>\n<p>\u00a0<\/p>\n<p>Veja os resultados das assembleias, segundo levantamento realizado pela Contraf-CUT at\u00e9 as 19h00 desta segunda-feira.<\/p>\n<p>\u00a0<\/p>\n<p>\u00a0<\/p>\n<p><strong>Encerraram a greve:<\/strong><\/p>\n<p>\u00a0<\/p>\n<p>S\u00e3o Paulo<br \/>Rio de Janeiro<br \/>Belo Horizonte<br \/>Bras\u00edlia<br \/>Pernambuco<br \/>Curitiba<br \/>Bahia \u2013 continua greve BNB<br \/>Porto Alegre \u2013 continua Banrisul<br \/>Cear\u00e1 \u2013 continua BNB<br \/>Piau\u00ed<br \/>Para\u00edba \u2013 continua greve no BNB<br \/>Sergipe \u2013 continua greve no BNB<br \/>Par\u00e1 \u2013 continua greve no Banco da Amaz\u00f4nia e Banpar\u00e1<br \/>Florian\u00f3polis \u2013 continua no Banrisul<br \/>Mato Grosso<br \/>Campo Grande<br \/>Esp\u00edrito Santo<br \/>Alagoas \u2013 continua greve no BNB<br \/>Acre \u2013 continua no Banco da Amaz\u00f4nia<br \/>Rond\u00f4nia<br \/>Amap\u00e1 \u2013 continua Caixa<br \/>Niter\u00f3i<br \/>Campinas<br \/>Londrina<br \/>ABC<br \/>Campina Grande \u2013 continua no BNB<br \/>Araraquara<br \/>Assis<br \/>Barretos<br \/>Bragan\u00e7a Paulista<br \/>Catanduva<br \/>Limeira<br \/>Mogi das Cruzes<br \/>Presidente Prudente<br \/>Vale do Ribeira<br \/>Taubat\u00e9<br \/>Petr\u00f3polis<br \/>Angra dos Reis<br \/>Caxias do Sul \u2013 greve continua no Banrisul<br \/>Joa\u00e7aba<br \/>S\u00e3o Jos\u00e9 do Rio Preto<br \/>Sorocaba<br \/>S\u00e3o Jos\u00e9 dos Campos<br \/>Juiz de Fora<br \/>Guaratinguet\u00e1<br \/>Ara\u00e7atuba<br \/>Ribeir\u00e3o Preto<br \/>S\u00e3o Carlos<br \/>Franca<br \/>Ja\u00fa<br \/>Tup\u00e3<br \/>Votuporanga<br \/>Presidente Wenceslau<br \/>Campos de Goytacazes<br \/>Itaperuna<br \/>Apucarna<br \/>Arapoti<br \/>Campos Mour\u00e3o<br \/>Corn\u00e9lio Proc\u00f3pio<br \/>Guarapuava<br \/>Toledo<br \/>Umuarama<br \/>Paranava\u00ed<br \/>Jacobina<br \/>Feira de Santana \u2013 continua BNB<br \/>Ilh\u00e9us \u2013 continua BNB<br \/>Itabuna<br \/>Cama\u00e7ari<br \/>Jequi\u00e9<br \/>Vit\u00f3ria da Conquista \u2013 continua BNB<br \/>Barreiras \u2013 continua BNB<br \/>Juazeiro \u2013 continua BNB<br \/>Cama\u00e7ari<br \/>Extremo Sul da Bahia \u2013 rejeita BNB<br \/>Dourados<br \/>Barra do Gar\u00e7as -Simbama \u2013 rejeita Banco da Amaz\u00f4nia<br \/>Rondon\u00f3polis<br \/>Ipatinga<br \/>Uberaba<br \/>Patos de Minas<br \/>Divin\u00f3polis<br \/>Campos dos Goytacazes<br \/>Itaperuna<br \/>Passo Fundo \u2013 greve continua no Banrisul<br \/>Pelotas \u2013 continua no Banrisul<br \/>Iju\u00ed \u2013 greve continua no Banrisul<br \/>Alegrete \u2013 greve continua no Banrisul<br \/>Novo Hamburgo \u2013 greve continua no Banrisul<br \/>Horizontina \u2013 greve continua no Banrisul<br \/>Guapor\u00e9 \u2013 greve continua no Banrisul<br \/>S\u00e3o Luiz Gonzaga \u2013 greve continua no Banrisul<br \/>Vacaria \u2013 greve continua no Banrisul<br \/>S\u00e3o Borja \u2013 greve continua no Banrisul<br \/>Santa Rosa \u2013 greve continua no Banrisul<br \/>Carazinho \u2013 greve continua no Banrisul<br \/>Livramento \u2013 greve continua no Banrisul<br \/>Uruguaiana \u2013 greve continua no Banrisul<br \/>Ararangu\u00e1<br \/>Bag\u00e9<br \/>Bento Gon\u00e7alves \u2013 continua Banrisul<br \/>Cachoeira do Sul<br \/>Camaqu\u00e3 \u2013 continua na Caixa e no Banrisul<br \/>Frederico Westphalen \u2013 continua Banrisul<br \/>Rio Grande<br \/>Litoral Norte \u2013 continua Banrisul<br \/>Santiago<br \/>S\u00e3o Gabriel<br \/>Vale do Paranhana \u2013 continua Banrisul<br \/>Vale do Ca\u00ed \u2013 continua no Banrisul<br \/>Blumenau<br \/>Conc\u00f3rdia \u2013 continua no BB e na Caixa<br \/>Chapec\u00f3 \u2013 continua Banrisul<br \/>Crici\u00fama<br \/>S\u00e3o Miguel do Oeste \u2013 continua BB e Caixa<br \/>Videira<br \/>Navira\u00ed<\/p>\n<p>\u00a0<\/p>\n<p>\u00a0<\/p>\n<p><strong>A proposta da Fenaban<\/strong><\/p>\n<p>\u00a0<\/p>\n<p>&gt; Reajuste: 8,0% (1,82% de aumento real).<\/p>\n<p>&gt; Pisos: Reajuste de 8,5% (ganho real de 2,29%).<br \/>&#8211; Piso de portaria ap\u00f3s 90 dias: R$ 1.148,97.<br \/>&#8211; Piso de escritur\u00e1rio ap\u00f3s 90 dias: R$ 1.648,12.<br \/>&#8211; Piso de caixa ap\u00f3s 90 dias: R$ 2.229,05 (que inclui R$ 394,42 de gratifica\u00e7\u00e3o de caixa e R$ 186,51 de outras verbas de caixa).<\/p>\n<p>&gt; PLR regra b\u00e1sica: 90% do sal\u00e1rio mais valor fixo de R$ 1.694,00 (reajuste de 10%), limitado a R$ 9.087,49. Se o total apurado ficar abaixo de 5% do lucro l\u00edquido, ser\u00e1 utilizado multiplicador at\u00e9 atingir esse percentual ou 2,2 sal\u00e1rios (o que ocorrer primeiro), limitado a R$ 19.825,86.<\/p>\n<p>&gt; PLR parcela adicional: aumento de 2% para 2,2% do lucro l\u00edquido distribu\u00eddos linearmente, limitado a R$ 3.388,00 (10% de reajuste).<\/p>\n<p>&gt; Antecipa\u00e7\u00e3o da PLR at\u00e9 10 dias ap\u00f3s assinatura da Conven\u00e7\u00e3o Coletiva: na regra b\u00e1sica, 54% do sal\u00e1rio mais fixo de R$ 1.016,40, limitado a R$ 5.452,49. Da parcela adicional, 2,2% do lucro do primeiro semestre, limitado a R$ 1.694,00. O pagamento do restante ser\u00e1 feito at\u00e9 3 de mar\u00e7o de 2014.<\/p>\n<p>&gt; Aux\u00edlio-refei\u00e7\u00e3o: de R$ 21,46 para R$ 23,18 por dia.<\/p>\n<p>&gt; Cesta-alimenta\u00e7\u00e3o: de R$ 367,92 para R$ 397,36.<\/p>\n<p>&gt; 13\u00aa cesta-alimenta\u00e7\u00e3o: de R$ 367,92 para R$ 397,36.<\/p>\n<p>&gt; Aux\u00edlio-creche\/bab\u00e1: de R$ 306,21 para R$ 330,71 (para filhos at\u00e9 71 meses). E de R$ 261,95 para R$ 282,91(para filhos at\u00e9 83 meses).<\/p>\n<p>&gt; Requalifica\u00e7\u00e3o profissional: de R$ 1.047,11 para R$ 1.130,88.<\/p>\n<p>&gt; Adiantamento emergencial: N\u00e3o devolu\u00e7\u00e3o do adiantamento emergencial de sal\u00e1rio para os afastados que recebem alta do INSS e s\u00e3o considerados inaptos pelo m\u00e9dico do trabalho em caso de recurso administrativo n\u00e3o aceito pelo INSS.<\/p>\n<p>&gt; Gestores ficam proibidos de enviar torpedos aos celulares particulares dos banc\u00e1rios cobrando cumprimento de resultados.<\/p>\n<p>&gt; Abono-assiduidade (novidade): 1 dia de folga remunerada por ano.<\/p>\n<p>&gt; Vale-cultura (novidade): R$ 50,00 mensais para quem ganha at\u00e9 5 sal\u00e1rios m\u00ednimos, conforme Lei 12.761\/2012.<\/p>\n<p>&gt; Preven\u00e7\u00e3o de conflitos no ambiente de trabalho \u2013 Redu\u00e7\u00e3o do prazo de 60 para 45 dias para resposta dos bancos \u00e0s den\u00fancias encaminhadas pelos sindicatos, al\u00e9m de reuni\u00e3o espec\u00edfica com a Fenaban para discutir aprimoramento do programa.<\/p>\n<p>&gt; Adoecimento de banc\u00e1rios \u2013 Constitui\u00e7\u00e3o de grupo de trabalho, com n\u00edvel pol\u00edtico e t\u00e9cnico, para analisar as causas dos afastamentos.<\/p>\n<p>\u00a0<\/p>\n<p>\u00a0<\/p>\n<p><strong>Compromissos<\/strong><\/p>\n<p>\u00a0<\/p>\n<p>&gt; Inova\u00e7\u00f5es tecnol\u00f3gicas \u2013 Realiza\u00e7\u00e3o, em data a ser definida, de um Semin\u00e1rio sobre Tend\u00eancias da Tecnologia no Cen\u00e1rio Banc\u00e1rio Mundial.<\/p>\n<p>&gt; Preven\u00e7\u00e3o de conflitos no ambiente de trabalho \u2013 Reuni\u00e3o espec\u00edfica para discutir aprimoramento do processo.<\/p>\n<p>&gt; Discutir um novo modelo de PLR antes da campanha nacional de 2014.<\/p>\n<p>\u00a0<br \/>Fonte: Contraf-CUT<\/p>\n","protected":false},"excerpt":{"rendered":"<p>As \u00faltimas assembleias dos banc\u00e1rios de bancos privados, do Banco do Brasil e da Caixa Econ\u00f4mica Federal, realizadas nesta segunda-feira 14 em v\u00e1rios estados, aprovaram as propostas da Fenaban e os acordos espec\u00edficos dos dois bancos p\u00fablicos federais, encerrando a greve nacional nessas institui\u00e7\u00f5es financeiras. Continuam em greve os banc\u00e1rios do BNB em v\u00e1rias cidades [&hellip;]<\/p>\n","protected":false},"author":1,"featured_media":0,"comment_status":"","ping_status":"","sticky":false,"template":"","format":"standard","meta":{"footnotes":""},"categories":[3],"tags":[],"class_list":["post-1609","post","type-post","status-publish","format-standard","hentry","category-noticias"],"_links":{"self":[{"href":"https:\/\/hostnetart.com.br\/baixada\/wp-json\/wp\/v2\/posts\/1609","targetHints":{"allow":["GET"]}}],"collection":[{"href":"https:\/\/hostnetart.com.br\/baixada\/wp-json\/wp\/v2\/posts"}],"about":[{"href":"https:\/\/hostnetart.com.br\/baixada\/wp-json\/wp\/v2\/types\/post"}],"author":[{"embeddable":true,"href":"https:\/\/hostnetart.com.br\/baixada\/wp-json\/wp\/v2\/users\/1"}],"replies":[{"embeddable":true,"href":"https:\/\/hostnetart.com.br\/baixada\/wp-json\/wp\/v2\/comments?post=1609"}],"version-history":[{"count":0,"href":"https:\/\/hostnetart.com.br\/baixada\/wp-json\/wp\/v2\/posts\/1609\/revisions"}],"wp:attachment":[{"href":"https:\/\/hostnetart.com.br\/baixada\/wp-json\/wp\/v2\/media?parent=1609"}],"wp:term":[{"taxonomy":"category","embeddable":true,"href":"https:\/\/hostnetart.com.br\/baixada\/wp-json\/wp\/v2\/categories?post=1609"},{"taxonomy":"post_tag","embeddable":true,"href":"https:\/\/hostnetart.com.br\/baixada\/wp-json\/wp\/v2\/tags?post=1609"}],"curies":[{"name":"wp","href":"https:\/\/api.w.org\/{rel}","templated":true}]}}