{"id":16088,"date":"2025-01-17T14:32:15","date_gmt":"2025-01-17T17:32:15","guid":{"rendered":"https:\/\/hostnetart.com.br\/baixada\/sindicato-dos-bancarios-da-baixada-fluminense-parabeniza-seeb-rj-pelos-95-anos\/"},"modified":"2025-01-17T14:32:15","modified_gmt":"2025-01-17T17:32:15","slug":"sindicato-dos-bancarios-da-baixada-fluminense-parabeniza-seeb-rj-pelos-95-anos","status":"publish","type":"post","link":"https:\/\/hostnetart.com.br\/baixada\/sindicato-dos-bancarios-da-baixada-fluminense-parabeniza-seeb-rj-pelos-95-anos\/","title":{"rendered":"Sindicato dos Banc\u00e1rios da Baixada Fluminense parabeniza SEEB\/RJ pelos 95 anos"},"content":{"rendered":"<p>O Sindicato dos Banc\u00e1rios da Baixada Fluminense parabeniza o Sindicato dos Banc\u00e1rios do Rio de Janeiro, que completa 95 anos de lutas na defesa da categoria banc\u00e1ria, nesta sexta-feira, 17 de janeiro.<\/p>\n<p>Quase um s\u00e9culo ao lado dos trabalhadores e caminhando, tamb\u00e9m, com os banc\u00e1rios e banc\u00e1rias da Baixada Fluminense.<\/p>\n<p>Vida longa ao Sindicato dos Banc\u00e1rios do Rio de Janeiro!<\/p>\n","protected":false},"excerpt":{"rendered":"<p>O Sindicato dos Banc\u00e1rios da Baixada Fluminense parabeniza o Sindicato dos Banc\u00e1rios do Rio de Janeiro, que completa 95 anos de lutas na defesa da categoria banc\u00e1ria, nesta sexta-feira, 17 de janeiro. Quase um s\u00e9culo ao lado dos trabalhadores e caminhando, tamb\u00e9m, com os banc\u00e1rios e banc\u00e1rias da Baixada Fluminense. Vida longa ao Sindicato dos [&hellip;]<\/p>\n","protected":false},"author":2,"featured_media":16087,"comment_status":"","ping_status":"","sticky":false,"template":"","format":"standard","meta":{"footnotes":""},"categories":[3],"tags":[],"class_list":["post-16088","post","type-post","status-publish","format-standard","has-post-thumbnail","hentry","category-noticias"],"_links":{"self":[{"href":"https:\/\/hostnetart.com.br\/baixada\/wp-json\/wp\/v2\/posts\/16088","targetHints":{"allow":["GET"]}}],"collection":[{"href":"https:\/\/hostnetart.com.br\/baixada\/wp-json\/wp\/v2\/posts"}],"about":[{"href":"https:\/\/hostnetart.com.br\/baixada\/wp-json\/wp\/v2\/types\/post"}],"author":[{"embeddable":true,"href":"https:\/\/hostnetart.com.br\/baixada\/wp-json\/wp\/v2\/users\/2"}],"replies":[{"embeddable":true,"href":"https:\/\/hostnetart.com.br\/baixada\/wp-json\/wp\/v2\/comments?post=16088"}],"version-history":[{"count":0,"href":"https:\/\/hostnetart.com.br\/baixada\/wp-json\/wp\/v2\/posts\/16088\/revisions"}],"wp:featuredmedia":[{"embeddable":true,"href":"https:\/\/hostnetart.com.br\/baixada\/wp-json\/wp\/v2\/media\/16087"}],"wp:attachment":[{"href":"https:\/\/hostnetart.com.br\/baixada\/wp-json\/wp\/v2\/media?parent=16088"}],"wp:term":[{"taxonomy":"category","embeddable":true,"href":"https:\/\/hostnetart.com.br\/baixada\/wp-json\/wp\/v2\/categories?post=16088"},{"taxonomy":"post_tag","embeddable":true,"href":"https:\/\/hostnetart.com.br\/baixada\/wp-json\/wp\/v2\/tags?post=16088"}],"curies":[{"name":"wp","href":"https:\/\/api.w.org\/{rel}","templated":true}]}}