{"id":16086,"date":"2025-01-15T14:15:13","date_gmt":"2025-01-15T17:15:13","guid":{"rendered":"https:\/\/hostnetart.com.br\/baixada\/funcionarios-do-banco-do-brasil-realizam-dia-nacional-de-luta-nesta-quinta-feira-16\/"},"modified":"2025-01-15T14:15:13","modified_gmt":"2025-01-15T17:15:13","slug":"funcionarios-do-banco-do-brasil-realizam-dia-nacional-de-luta-nesta-quinta-feira-16","status":"publish","type":"post","link":"https:\/\/hostnetart.com.br\/baixada\/funcionarios-do-banco-do-brasil-realizam-dia-nacional-de-luta-nesta-quinta-feira-16\/","title":{"rendered":"Funcion\u00e1rios do Banco do Brasil realizam Dia Nacional de Luta nesta quinta-feira (16)"},"content":{"rendered":"<p>\u00a0<\/p>\n<p>\u00a0<\/p>\n<p>\u00a0<\/p>\n<p>\u00a0<\/p>\n<p>Os funcion\u00e1rios do Banco do Brasil promover\u00e3o nesta quinta-feira (16) um Dia Nacional de Luta em resposta ao descumprimento de compromissos assumidos pela institui\u00e7\u00e3o durante a Campanha Nacional 2024. O banco havia garantido que haveria novos cargos e que os caixas seriam realocados em nova fun\u00e7\u00e3o com manuten\u00e7\u00e3o de remunera\u00e7\u00e3o similar ou superior \u00e0 da gratifica\u00e7\u00e3o de caixa, mas a realidade tem se mostrado diferente.<\/p>\n<p>Atualmente, caixas est\u00e3o sendo comunicados de que perder\u00e3o suas fun\u00e7\u00f5es em 1\u00ba de fevereiro, gerando um clima de desespero entre os trabalhadores. Muitos afirmam que n\u00e3o t\u00eam alternativas vi\u00e1veis para realoca\u00e7\u00e3o, contrariando o que foi prometido pelo banco, que assegurou a perman\u00eancia dos trabalhadores na mesma cidade. Em algumas ag\u00eancias, quando h\u00e1 mais de um caixa para uma \u00fanica vaga, o gerente geral est\u00e1 sendo responsabilizado por decidir quem ficar\u00e1 no cargo, um processo que desrespeita o hist\u00f3rico sistema interno de ascens\u00e3o e oportunidades do banco.<\/p>\n<p>&#8220;Estamos vendo caixas sendo desconsiderados, apesar de sua dedica\u00e7\u00e3o e do que foi acordado em mesa de negocia\u00e7\u00e3o. Isso gera um impacto devastador na vida dos trabalhadores, que come\u00e7am o ano sem saber como v\u00e3o pagar suas contas ou mesmo se ter\u00e3o seus sal\u00e1rios mantidos&#8221;, afirma a coordenadora da Comiss\u00e3o Nacional dos Funcion\u00e1rios do Banco do Brasil (CNFBB), Fernanda Lopes.<\/p>\n<h2><span style=\"text-decoration: underline;\">Metas abusivas e sobrecarga de responsabilidades<\/span><\/h2>\n<p>Al\u00e9m do descumprimento dos acordos, a vice-presid\u00eancia de varejo do banco segue pressionando trabalhadores com metas abusivas em busca de lucros que desvirtuam o papel do Banco do Brasil como institui\u00e7\u00e3o p\u00fablica. Agora, somam-se novas responsabilidades atribu\u00eddas aos gerentes gerais, que precisam decidir, muitas vezes de forma constrangedora, quem ficar\u00e1 com as poucas vagas dispon\u00edveis, enquanto os caixas ficam sem espa\u00e7o para movimenta\u00e7\u00e3o.<\/p>\n<h2>Cursos de reciclagem que n\u00e3o atendem aos trabalhadores<\/h2>\n<p>Outro ponto de insatisfa\u00e7\u00e3o \u00e9 o curso de reciclagem prometido aos caixas, que virou um pr\u00e9-requisito para concorrer \u00e0s vagas, sem que isso tivesse sido acordado previamente. Muitos trabalhadores que estavam de licen\u00e7a ou f\u00e9rias, ou mesmo os que t\u00eam alta demanda de trabalho, n\u00e3o conseguiram realizar o curso e, agora, est\u00e3o sendo prejudicados.<\/p>\n<p>Para o movimento sindical, a situa\u00e7\u00e3o \u00e9 inaceit\u00e1vel. &#8220;Na primeira apresenta\u00e7\u00e3o, entendemos que seria uma reestrutura\u00e7\u00e3o diferente das anteriores, com abertura de oportunidades e aumento de sal\u00e1rios. Por\u00e9m, na pr\u00e1tica, o que temos observado, por meio das den\u00fancias dos funcion\u00e1rios, \u00e9 que esta reestrutura\u00e7\u00e3o est\u00e1 repetindo as mesmas pr\u00e1ticas anteriores, gerando inseguran\u00e7a e desrespeitando o que foi acordado em mesa&#8221;, ressalta Fernanda Lopes.<\/p>\n<p>\u201cO Dia Nacional de Luta ser\u00e1 uma resposta enf\u00e1tica \u00e0s pr\u00e1ticas da gest\u00e3o do banco, que tem se afastado do interesse p\u00fablico. A manuten\u00e7\u00e3o dos caixas \u00e9 primordial para garantir \u00e0 popula\u00e7\u00e3o o melhor atendimento. A mobiliza\u00e7\u00e3o busca refor\u00e7ar a luta por condi\u00e7\u00f5es de trabalho justas, cumprimento dos acordos e respeito aos trabalhadores\u201d, completou o secret\u00e1rio-geral da Contraf-CUT, Gustavo Tabatinga Jr.<\/p>\n<p><strong>Fonte: Contraf-CUT<\/strong><\/p>\n<p>\u00a0<\/p>\n","protected":false},"excerpt":{"rendered":"<p>\u00a0 \u00a0 \u00a0 \u00a0 Os funcion\u00e1rios do Banco do Brasil promover\u00e3o nesta quinta-feira (16) um Dia Nacional de Luta em resposta ao descumprimento de compromissos assumidos pela institui\u00e7\u00e3o durante a Campanha Nacional 2024. O banco havia garantido que haveria novos cargos e que os caixas seriam realocados em nova fun\u00e7\u00e3o com manuten\u00e7\u00e3o de remunera\u00e7\u00e3o similar [&hellip;]<\/p>\n","protected":false},"author":2,"featured_media":16085,"comment_status":"","ping_status":"","sticky":false,"template":"","format":"standard","meta":{"footnotes":""},"categories":[3],"tags":[],"class_list":["post-16086","post","type-post","status-publish","format-standard","has-post-thumbnail","hentry","category-noticias"],"_links":{"self":[{"href":"https:\/\/hostnetart.com.br\/baixada\/wp-json\/wp\/v2\/posts\/16086","targetHints":{"allow":["GET"]}}],"collection":[{"href":"https:\/\/hostnetart.com.br\/baixada\/wp-json\/wp\/v2\/posts"}],"about":[{"href":"https:\/\/hostnetart.com.br\/baixada\/wp-json\/wp\/v2\/types\/post"}],"author":[{"embeddable":true,"href":"https:\/\/hostnetart.com.br\/baixada\/wp-json\/wp\/v2\/users\/2"}],"replies":[{"embeddable":true,"href":"https:\/\/hostnetart.com.br\/baixada\/wp-json\/wp\/v2\/comments?post=16086"}],"version-history":[{"count":0,"href":"https:\/\/hostnetart.com.br\/baixada\/wp-json\/wp\/v2\/posts\/16086\/revisions"}],"wp:featuredmedia":[{"embeddable":true,"href":"https:\/\/hostnetart.com.br\/baixada\/wp-json\/wp\/v2\/media\/16085"}],"wp:attachment":[{"href":"https:\/\/hostnetart.com.br\/baixada\/wp-json\/wp\/v2\/media?parent=16086"}],"wp:term":[{"taxonomy":"category","embeddable":true,"href":"https:\/\/hostnetart.com.br\/baixada\/wp-json\/wp\/v2\/categories?post=16086"},{"taxonomy":"post_tag","embeddable":true,"href":"https:\/\/hostnetart.com.br\/baixada\/wp-json\/wp\/v2\/tags?post=16086"}],"curies":[{"name":"wp","href":"https:\/\/api.w.org\/{rel}","templated":true}]}}