{"id":16084,"date":"2025-01-15T13:29:50","date_gmt":"2025-01-15T16:29:50","guid":{"rendered":"https:\/\/hostnetart.com.br\/baixada\/nova-iguacu-comemora-aniversario-de-192-anos\/"},"modified":"2025-01-15T13:29:50","modified_gmt":"2025-01-15T16:29:50","slug":"nova-iguacu-comemora-aniversario-de-192-anos","status":"publish","type":"post","link":"https:\/\/hostnetart.com.br\/baixada\/nova-iguacu-comemora-aniversario-de-192-anos\/","title":{"rendered":"Nova Igua\u00e7u comemora anivers\u00e1rio de 192 anos"},"content":{"rendered":"<p>Nesta quarta-feira, 15 de janeiro, a cidade-m\u00e3e da Baixada Fluminense, Nova Igua\u00e7u, completa 192 anos de funda\u00e7\u00e3o.<\/p>\n<p>Parab\u00e9ns a todas e todos os banc\u00e1rios de Nova Igua\u00e7u.<\/p>\n<p>O Sindicato dos Banc\u00e1rios da Baixada Fluminense\u00a0se orgulha representar causas que permeiam o cotidiano do trabalhador da regi\u00e3o.<\/p>\n<p><strong>PROGRAMA\u00c7\u00c3O DA PREFEITURA<\/strong><\/p>\n<p>Para comemorar a data, a Prefeitura promove atividades como exposi\u00e7\u00f5es culturais, a tradicional missa solene pela celebra\u00e7\u00e3o, visitas das obras e escava\u00e7\u00f5es arqueol\u00f3gicas, homenagens, shows, e uma corrida.<\/p>\n<p>Quem for \u00e0 Prefeitura poder\u00e1 conferir de perto as exposi\u00e7\u00f5es \u201cPersonalidades Hist\u00f3ricas Iguassuanas\u201d e \u201cPanoramas de Nova Igua\u00e7u em 1932\u201d, da cole\u00e7\u00e3o Arruda Negreiros. Ser\u00e3o cerca de 50 pain\u00e9is com fotografias antigas que ir\u00e3o mostrar um pouco da hist\u00f3ria da cidade.\u00a0<\/p>\n<p>\u00a0<\/p>\n<p>Para fechar a programa\u00e7\u00e3o especial de anivers\u00e1rio da cidade, no s\u00e1bado (25 de janeiro), os igua\u00e7uanos v\u00e3o poder curtir um show de Pop Rock dos Anos 80 com Silvinho Blau-Blau e convidados como Avelar Love (Jo\u00e3o Penca e seus Miquinhos Amestrados), C\u00edcero Pestana (ex-Dr Silvana &amp; Cia) e a cantora Rosana. A abertura fica por conta da banda RC Band, a partir das 16h.<\/p>\n<p>A partir das 18h, ser\u00e1 realizada uma corrida e caminhada, com ponto de partida na Via Light, altura da Vila Ol\u00edmpica, e deve atrair cerca de 3 mil participantes.<\/p>\n","protected":false},"excerpt":{"rendered":"<p>Nesta quarta-feira, 15 de janeiro, a cidade-m\u00e3e da Baixada Fluminense, Nova Igua\u00e7u, completa 192 anos de funda\u00e7\u00e3o. Parab\u00e9ns a todas e todos os banc\u00e1rios de Nova Igua\u00e7u. O Sindicato dos Banc\u00e1rios da Baixada Fluminense\u00a0se orgulha representar causas que permeiam o cotidiano do trabalhador da regi\u00e3o. PROGRAMA\u00c7\u00c3O DA PREFEITURA Para comemorar a data, a Prefeitura promove [&hellip;]<\/p>\n","protected":false},"author":2,"featured_media":16083,"comment_status":"","ping_status":"","sticky":false,"template":"","format":"standard","meta":{"footnotes":""},"categories":[3],"tags":[],"class_list":["post-16084","post","type-post","status-publish","format-standard","has-post-thumbnail","hentry","category-noticias"],"_links":{"self":[{"href":"https:\/\/hostnetart.com.br\/baixada\/wp-json\/wp\/v2\/posts\/16084","targetHints":{"allow":["GET"]}}],"collection":[{"href":"https:\/\/hostnetart.com.br\/baixada\/wp-json\/wp\/v2\/posts"}],"about":[{"href":"https:\/\/hostnetart.com.br\/baixada\/wp-json\/wp\/v2\/types\/post"}],"author":[{"embeddable":true,"href":"https:\/\/hostnetart.com.br\/baixada\/wp-json\/wp\/v2\/users\/2"}],"replies":[{"embeddable":true,"href":"https:\/\/hostnetart.com.br\/baixada\/wp-json\/wp\/v2\/comments?post=16084"}],"version-history":[{"count":0,"href":"https:\/\/hostnetart.com.br\/baixada\/wp-json\/wp\/v2\/posts\/16084\/revisions"}],"wp:featuredmedia":[{"embeddable":true,"href":"https:\/\/hostnetart.com.br\/baixada\/wp-json\/wp\/v2\/media\/16083"}],"wp:attachment":[{"href":"https:\/\/hostnetart.com.br\/baixada\/wp-json\/wp\/v2\/media?parent=16084"}],"wp:term":[{"taxonomy":"category","embeddable":true,"href":"https:\/\/hostnetart.com.br\/baixada\/wp-json\/wp\/v2\/categories?post=16084"},{"taxonomy":"post_tag","embeddable":true,"href":"https:\/\/hostnetart.com.br\/baixada\/wp-json\/wp\/v2\/tags?post=16084"}],"curies":[{"name":"wp","href":"https:\/\/api.w.org\/{rel}","templated":true}]}}