{"id":16082,"date":"2025-01-13T19:14:34","date_gmt":"2025-01-13T22:14:34","guid":{"rendered":"https:\/\/hostnetart.com.br\/baixada\/aposentados-do-itau-cobram-condicoes-dignas-no-plano-de-saude\/"},"modified":"2025-01-13T19:14:34","modified_gmt":"2025-01-13T22:14:34","slug":"aposentados-do-itau-cobram-condicoes-dignas-no-plano-de-saude","status":"publish","type":"post","link":"https:\/\/hostnetart.com.br\/baixada\/aposentados-do-itau-cobram-condicoes-dignas-no-plano-de-saude\/","title":{"rendered":"Aposentados do Ita\u00fa cobram condi\u00e7\u00f5es dignas no plano de sa\u00fade"},"content":{"rendered":"<\/p>\n<p>A Comiss\u00e3o de Organiza\u00e7\u00e3o dos Empregados (COE) do Ita\u00fa se reuniu com representantes do banco nesta segunda-feira (13) para discutir alternativas sustent\u00e1veis e humanas para os aposentados no plano de sa\u00fade. Ap\u00f3s o t\u00e9rmino do per\u00edodo de manuten\u00e7\u00e3o da contribui\u00e7\u00e3o do banco, garantido pela Conven\u00e7\u00e3o Coletiva de Trabalho, os aposentados passaram a enfrentar dificuldades financeiras devido \u00e0 migra\u00e7\u00e3o obrigat\u00f3ria do plano familiar para um individual, sem subs\u00eddio do Ita\u00fa.<\/p>\n<p>O valor do plano individual chega a R$ 1.929 por pessoa, o que pode resultar em uma despesa de quase R$ 4 mil por casal, impondo um fardo insustent\u00e1vel para muitos.<\/p>\n<p>Outro ponto debatido na reuni\u00e3o foi a falta de transpar\u00eancia nos valores cobrados. Conforme a lei n\u00ba 9.656\/98, trabalhadores podem manter o plano de sa\u00fade empresarial ap\u00f3s 10 anos de contribui\u00e7\u00e3o, desde que arquem com a mensalidade. Contudo, o Ita\u00fa n\u00e3o fornece informa\u00e7\u00f5es claras sobre o valor de sua contribui\u00e7\u00e3o no per\u00edodo em que os banc\u00e1rios estavam na ativa, aplicando valores de mercado sem justificativa.<\/p>\n<p>Antes do encontro com o banco, mais de 100 aposentados se reuniram na sede do Ita\u00fa, em S\u00e3o Paulo, para debater estrat\u00e9gias e alinhar demandas. Neste momento, Jair Alves, diretor da Contraf-CUT, enalteceu a import\u00e2ncia do di\u00e1logo para solucionar o impasse. \u201c\u00c9 essencial que se mantenha a negocia\u00e7\u00e3o aberta antes de judicializar a quest\u00e3o. Estamos trabalhando para construir uma solu\u00e7\u00e3o que respeite os direitos dos aposentados e garanta condi\u00e7\u00f5es dignas de assist\u00eancia \u00e0 sa\u00fade.\u201d<\/p>\n<p>Durante a reuni\u00e3o, os trabalhadores reivindicaram:<\/p>\n<ul>\n<li>Garantia de isonomia entre aposentados e funcion\u00e1rios ativos nos crit\u00e9rios de subs\u00eddio e custeio do plano de sa\u00fade.<\/li>\n<li>Possibilidade de optar pelo Plano Especial I como primeira escolha.<\/li>\n<li>Aplica\u00e7\u00e3o de \u00edndices como INPC ou IPCA nos reajustes das mensalidades e crit\u00e9rios iguais para reembolsos.<\/li>\n<li>Reingresso ao plano para aqueles que tiveram que sair por dificuldades financeiras, com prazo de ades\u00e3o de at\u00e9 60 dias.<\/li>\n<li>Migra\u00e7\u00e3o para o Plano Especial I para aposentados em outros planos, com prazo de 60 dias.<\/li>\n<li>Retorno da Porto Seguro Sa\u00fade como operadora principal, ou outra de refer\u00eancia regional com condi\u00e7\u00f5es similares.<\/li>\n<li>Suspens\u00e3o de reajustes at\u00e9 o fim das negocia\u00e7\u00f5es no Minist\u00e9rio P\u00fablico do Trabalho.<\/li>\n<li>Ressarcimento de valores cobrados a maior nos \u00faltimos cinco anos, corrigidos conforme a lei.<\/li>\n<li>Representa\u00e7\u00e3o de aposentados no conselho da Funda\u00e7\u00e3o Sa\u00fade Ita\u00fa.<\/li>\n<\/ul>\n<p>Al\u00e9m disso, foi solicitado dados sobre o n\u00famero de aposentados por sindicato, garantindo mais transpar\u00eancia.<\/p>\n<h2>Mobiliza\u00e7\u00e3o e pr\u00f3ximos passos<\/h2>\n<p>A mobiliza\u00e7\u00e3o dos aposentados ganhou for\u00e7a nas redes sociais, figurando entre os dez assuntos mais comentados no X (antigo Twitter), com o uso da hashtag #AposentadosMerecemSa\u00fade. \u201cA constru\u00e7\u00e3o de uma proposta de plano de sa\u00fade justo \u00e9 essencial para aqueles que dedicaram anos \u00e0 empresa e agora enfrentam dificuldades para pagar valores exorbitantes pelo plano,\u201d destacou a coordenadora da COE, Maria Izabel Menezes.<\/p>\n<p>O banco se mostrou aberto \u00e0s negocia\u00e7\u00f5es, com a pr\u00f3xima rodada agendada para a primeira semana de fevereiro. No \u00e2mbito do Minist\u00e9rio P\u00fablico, o prazo estabelecido pelo procurador para resolver a quest\u00e3o \u00e9 9 de mar\u00e7o.<\/p>\n<p><b>Fonte: Contraf-CUT<\/b><\/p>\n","protected":false},"excerpt":{"rendered":"<p>A Comiss\u00e3o de Organiza\u00e7\u00e3o dos Empregados (COE) do Ita\u00fa se reuniu com representantes do banco nesta segunda-feira (13) para discutir alternativas sustent\u00e1veis e humanas para os aposentados no plano de sa\u00fade. Ap\u00f3s o t\u00e9rmino do per\u00edodo de manuten\u00e7\u00e3o da contribui\u00e7\u00e3o do banco, garantido pela Conven\u00e7\u00e3o Coletiva de Trabalho, os aposentados passaram a enfrentar dificuldades financeiras [&hellip;]<\/p>\n","protected":false},"author":2,"featured_media":16081,"comment_status":"","ping_status":"","sticky":false,"template":"","format":"standard","meta":{"footnotes":""},"categories":[3],"tags":[],"class_list":["post-16082","post","type-post","status-publish","format-standard","has-post-thumbnail","hentry","category-noticias"],"_links":{"self":[{"href":"https:\/\/hostnetart.com.br\/baixada\/wp-json\/wp\/v2\/posts\/16082","targetHints":{"allow":["GET"]}}],"collection":[{"href":"https:\/\/hostnetart.com.br\/baixada\/wp-json\/wp\/v2\/posts"}],"about":[{"href":"https:\/\/hostnetart.com.br\/baixada\/wp-json\/wp\/v2\/types\/post"}],"author":[{"embeddable":true,"href":"https:\/\/hostnetart.com.br\/baixada\/wp-json\/wp\/v2\/users\/2"}],"replies":[{"embeddable":true,"href":"https:\/\/hostnetart.com.br\/baixada\/wp-json\/wp\/v2\/comments?post=16082"}],"version-history":[{"count":0,"href":"https:\/\/hostnetart.com.br\/baixada\/wp-json\/wp\/v2\/posts\/16082\/revisions"}],"wp:featuredmedia":[{"embeddable":true,"href":"https:\/\/hostnetart.com.br\/baixada\/wp-json\/wp\/v2\/media\/16081"}],"wp:attachment":[{"href":"https:\/\/hostnetart.com.br\/baixada\/wp-json\/wp\/v2\/media?parent=16082"}],"wp:term":[{"taxonomy":"category","embeddable":true,"href":"https:\/\/hostnetart.com.br\/baixada\/wp-json\/wp\/v2\/categories?post=16082"},{"taxonomy":"post_tag","embeddable":true,"href":"https:\/\/hostnetart.com.br\/baixada\/wp-json\/wp\/v2\/tags?post=16082"}],"curies":[{"name":"wp","href":"https:\/\/api.w.org\/{rel}","templated":true}]}}