{"id":16080,"date":"2025-01-13T18:12:37","date_gmt":"2025-01-13T21:12:37","guid":{"rendered":"https:\/\/hostnetart.com.br\/baixada\/movimento-sindical-nega-nova-proposta-da-cassi\/"},"modified":"2025-01-13T18:12:37","modified_gmt":"2025-01-13T21:12:37","slug":"movimento-sindical-nega-nova-proposta-da-cassi","status":"publish","type":"post","link":"https:\/\/hostnetart.com.br\/baixada\/movimento-sindical-nega-nova-proposta-da-cassi\/","title":{"rendered":"Movimento Sindical nega nova proposta da Cassi"},"content":{"rendered":"<\/p>\n<p>Durante a reuni\u00e3o realizada na sexta-feira (10), a Caixa de Assist\u00eancia dos Funcion\u00e1rios do Banco do Brasil (Cassi) apresentou uma nova proposta para alterar a forma de pagamento das cobran\u00e7as feitas aos funcion\u00e1rios do Banco do Brasil associados \u00e0 entidade. Essas cobran\u00e7as referem-se a valores n\u00e3o recolhidos pelo banco durante o per\u00edodo de julho de 2010 a setembro de 2023, relativos a a\u00e7\u00f5es trabalhistas e acordos firmados nas Comiss\u00f5es de Concilia\u00e7\u00e3o Volunt\u00e1ria ou nas Comiss\u00f5es de Concilia\u00e7\u00e3o Pr\u00e9via (CCV\/CCP). Apesar da altera\u00e7\u00e3o na proposta, a Confedera\u00e7\u00e3o Nacional dos Trabalhadores do Ramo Financeiro (Contraf-CUT) lamenta que a proposta n\u00e3o tenha sido substancialmente modificada, mantendo a orienta\u00e7\u00e3o de N\u00c3O ades\u00e3o por parte dos trabalhadores.<\/p>\n<p>O secret\u00e1rio-geral da Contraf-CUT, Gustavo Tabatinga Jr., afirmou que a reuni\u00e3o foi infrut\u00edfera. \u201cNenhuma das pondera\u00e7\u00f5es trazidas pela Contraf foi acatada, e a Cassi insiste em n\u00e3o discutir o conte\u00fado da proposta, n\u00e3o permite que os banc\u00e1rios contestem os valores e n\u00e3o abre m\u00e3o da atualiza\u00e7\u00e3o monet\u00e1ria e dos juros aplicados\u201d, declarou.<\/p>\n<p>O Banco do Brasil, na \u00e9poca, n\u00e3o fez os descontos necess\u00e1rios nem recolheu a sua parte nas contribui\u00e7\u00f5es para a Cassi, o que levou \u00e0 atual cobran\u00e7a, que tem gerado grande preocupa\u00e7\u00e3o entre os banc\u00e1rios. Embora a Cassi tenha se mostrado disposta a alterar a forma de pagamento, a Contraf-CUT critica a falta de mudan\u00e7as significativas e insiste que os trabalhadores n\u00e3o aceitem os termos propostos. \u201cLamentamos a Cassi n\u00e3o querer suspender essa cobran\u00e7a e iniciar uma negocia\u00e7\u00e3o de uma nova proposta, de forma coletiva, permitindo que os colegas pontuem suas dificuldades e apontem seus questionamentos\u201d, afirmou o secret\u00e1rio-geral.<\/p>\n<p>A entidade de autogest\u00e3o insiste na sua proposta inicial, trazendo apenas pequenos ajustes na forma de parcelamento, mas penalizando os colegas com atualiza\u00e7\u00e3o monet\u00e1ria e juros no parcelamento. \u201cSomos contra esses acr\u00e9scimos, uma vez que n\u00e3o foram os banc\u00e1rios que deram causa a esse d\u00e9bito\u201d, completa Tabatinga.<\/p>\n<h2>Para entender:<\/h2>\n<p>Em 2010, o BB e a Cassi firmaram um conv\u00eanio de colabora\u00e7\u00e3o no qual o banco se comprometia a \u201ccalcular e cobrar a contribui\u00e7\u00e3o pessoal e patronal de associados que receberem indeniza\u00e7\u00f5es advindas de causas trabalhistas\u201d. Entre 2010 e 2023, embora tenha tido o compromisso, o BB n\u00e3o realizou as cobran\u00e7as. Em janeiro de 2024, o banco concordou em pagar sua parte dos recolhimentos n\u00e3o efetivados entre 2010 e 2023. Tal pagamento ocorreu no m\u00eas de agosto de 2024.<\/p>\n<p>No in\u00edcio de dezembro, a Cassi, unilateralmente, decidiu pela cobran\u00e7a, e divulgou a medida sem negocia\u00e7\u00e3o com o movimento sindical e sem consulta pr\u00e9via aos associados.<br \/>Em 13\/12\/2024, a Contraf-CUT enviou of\u00edcio \u00e0 Cassi solicitando a imediata suspens\u00e3o das cobran\u00e7as e abertura de mesa de negocia\u00e7\u00e3o para tratar do assunto.<\/p>\n<p>Em 17\/12\/2024, houve a primeira reuni\u00e3o com a CASSI, que negou ao movimento sindical a suspen\u00e7\u00e3o, mantendo a cobran\u00e7a at\u00e9 31\/12\/2024.<\/p>\n<p>Em 23\/12\/2024, em nova reuni\u00e3o, a Cassi continuou negando a suspens\u00e3o das cobran\u00e7as, negou alterar a proposta e apenas adiou o prazo para a ades\u00e3o da cobran\u00e7a do dia 31\/12 para 24\/01\/2025. A Contraf-CUT continuou insistindo suspens\u00e3o da medida, para negociar uma proposta coerente aos associados e associadas.<\/p>\n<p>No \u00faltimo dia 10\/01\/2025, em mais uma oportunidade, a Cassi apresentou altera\u00e7\u00f5es no modo de parcelamento da cobran\u00e7a, sem de fato alterar o conte\u00fado principal da cobran\u00e7a que tanto a Contraf-CUT questionava, como os acr\u00e9scimos de corre\u00e7\u00e3o e juros no parcelamento. Apesar de adiar o prazo final para abril, criou um mecanismo para pressionar o banc\u00e1rio e banc\u00e1ria a fazer o quanto antes a ades\u00e3o, pois haver\u00e1 redu\u00e7\u00e3o no percentual do desconto a vista, conforme a data de pagamento; permitiu o aumento do prazo de pagamento para 72 meses, todavia com cobran\u00e7a de juros. Permitiu ainda o parcelamento em 12 meses sem juros. Diante da rigidez da Cassi, Contraf-CUT continuou rejeitando a proposta e solicitando a suspens\u00e3o da cobran\u00e7a.<\/p>\n<p>\u201cN\u00e3o h\u00e1 condi\u00e7\u00f5es de negocia\u00e7\u00e3o quando os banc\u00e1rios e as banc\u00e1rias t\u00eam uma \u2018espada no seu pesco\u00e7o\u2019, a Cassi continua criando mecanismo de press\u00e3o para receber de imediato e amea\u00e7ando os banc\u00e1rios de inadimpl\u00eancia e encargos morat\u00f3rios a partir de 31 de janeiro, caso n\u00e3o indiquem a aceita\u00e7\u00e3o da proposta da Cassi. Isso \u00e9 um desrespeito com os trabalhadores que s\u00e3o os donos da Cassi\u201d, avaliou Tabatinga.<\/p>\n<p>A Contraf-CUT ir\u00e1 formalizar ao Banco do Brasil pedido de abertura de mesa de negocia\u00e7\u00e3o em busca de uma solu\u00e7\u00e3o, assim como iniciar\u00e1 a\u00e7\u00e3o judicial contra a Cassi para viabilizar a imediata suspens\u00e3o da cobran\u00e7a. A Contraf-CUT continua orientando a todos e todas a N\u00c3O realizarem a ades\u00e3o, assim como orienta a quem j\u00e1 realizou que procure a Cassi para cancelar a ades\u00e3o.<\/p>\n<p><strong>Fonte: Contraf-CUT<\/strong><\/p>\n","protected":false},"excerpt":{"rendered":"<p>Durante a reuni\u00e3o realizada na sexta-feira (10), a Caixa de Assist\u00eancia dos Funcion\u00e1rios do Banco do Brasil (Cassi) apresentou uma nova proposta para alterar a forma de pagamento das cobran\u00e7as feitas aos funcion\u00e1rios do Banco do Brasil associados \u00e0 entidade. Essas cobran\u00e7as referem-se a valores n\u00e3o recolhidos pelo banco durante o per\u00edodo de julho de [&hellip;]<\/p>\n","protected":false},"author":2,"featured_media":16079,"comment_status":"","ping_status":"","sticky":false,"template":"","format":"standard","meta":{"footnotes":""},"categories":[3],"tags":[],"class_list":["post-16080","post","type-post","status-publish","format-standard","has-post-thumbnail","hentry","category-noticias"],"_links":{"self":[{"href":"https:\/\/hostnetart.com.br\/baixada\/wp-json\/wp\/v2\/posts\/16080","targetHints":{"allow":["GET"]}}],"collection":[{"href":"https:\/\/hostnetart.com.br\/baixada\/wp-json\/wp\/v2\/posts"}],"about":[{"href":"https:\/\/hostnetart.com.br\/baixada\/wp-json\/wp\/v2\/types\/post"}],"author":[{"embeddable":true,"href":"https:\/\/hostnetart.com.br\/baixada\/wp-json\/wp\/v2\/users\/2"}],"replies":[{"embeddable":true,"href":"https:\/\/hostnetart.com.br\/baixada\/wp-json\/wp\/v2\/comments?post=16080"}],"version-history":[{"count":0,"href":"https:\/\/hostnetart.com.br\/baixada\/wp-json\/wp\/v2\/posts\/16080\/revisions"}],"wp:featuredmedia":[{"embeddable":true,"href":"https:\/\/hostnetart.com.br\/baixada\/wp-json\/wp\/v2\/media\/16079"}],"wp:attachment":[{"href":"https:\/\/hostnetart.com.br\/baixada\/wp-json\/wp\/v2\/media?parent=16080"}],"wp:term":[{"taxonomy":"category","embeddable":true,"href":"https:\/\/hostnetart.com.br\/baixada\/wp-json\/wp\/v2\/categories?post=16080"},{"taxonomy":"post_tag","embeddable":true,"href":"https:\/\/hostnetart.com.br\/baixada\/wp-json\/wp\/v2\/tags?post=16080"}],"curies":[{"name":"wp","href":"https:\/\/api.w.org\/{rel}","templated":true}]}}