{"id":16078,"date":"2025-01-10T16:20:10","date_gmt":"2025-01-10T19:20:10","guid":{"rendered":"https:\/\/hostnetart.com.br\/baixada\/movimento-sindical-bancario-realiza-conferencia-livre-do-meio-ambiente\/"},"modified":"2025-01-10T16:20:10","modified_gmt":"2025-01-10T19:20:10","slug":"movimento-sindical-bancario-realiza-conferencia-livre-do-meio-ambiente","status":"publish","type":"post","link":"https:\/\/hostnetart.com.br\/baixada\/movimento-sindical-bancario-realiza-conferencia-livre-do-meio-ambiente\/","title":{"rendered":"Movimento sindical banc\u00e1rio realiza Confer\u00eancia Livre do Meio Ambiente"},"content":{"rendered":"<p>A Confedera\u00e7\u00e3o Nacional dos Trabalhadores e das Trabalhadoras do Ramo Financeiro (Contraf-CUT) realizar\u00e1 no dia 20 de janeiro, das 14h \u00e0s 18h, no formato virtual, por meio da plataforma Zoom, a Confer\u00eancia Livre do Meio Ambiente.<\/p>\n<p>&#8220;Esse encontro constituiu uma das etapas da 5\u00aa Confer\u00eancia Nacional do Meio Ambiente, que \u00e9 a etapa onde entidades da sociedade civil organizada s\u00e3o convidadas a realizar eventos para mobilizar a comunidade em torno do tema da emerg\u00eancia clim\u00e1tica e auxiliar na constru\u00e7\u00e3o de propostas de enfrentamento, diante do que est\u00e1 atingindo toda a humanidade&#8221;, explica a secret\u00e1ria de Pol\u00edticas Sociais da Contraf-CUT, Elaine Cutis.<\/p>\n<p>A\u00a0<a href=\"https:\/\/www.gov.br\/mma\/pt-br\/composicao\/gm\/5a-CNMA\" target=\"_blank\" rel=\"noopener noreferrer\">5\u00aa Confer\u00eancia Nacional do Meio Ambiente<\/a>\u00a0\u00e9 promovida pelo Minist\u00e9rio do Meio Ambiente e Mudan\u00e7as Clim\u00e1ticas, com in\u00fameras a\u00e7\u00f5es que est\u00e3o sendo realizadas no pa\u00eds desde o ano passado, e que v\u00e3o at\u00e9 maio deste ano, 2025, incluindo tamb\u00e9m confer\u00eancias municipais e estaduais. Especificamente, as confer\u00eancias livres s\u00e3o convocadas pela popula\u00e7\u00e3o, seja de maneira organizada, por meio de entidades e institui\u00e7\u00f5es, seja por grupos de pessoas.<\/p>\n<p>Elaine Cutis destaca que as confer\u00eancias livres t\u00eam tr\u00eas objetivos: &#8220;O primeiro \u00e9 incentivar a popula\u00e7\u00e3o na constru\u00e7\u00e3o de propostas para enfrentar a crise clim\u00e1tica; o segundo \u00e9 enviar essas propostas para a etapa seguinte. O terceiro objetivo \u00e9 eleger um delegado ou delegada para representar a nossas propostas, tiradas na confer\u00eancia livre, para a etapa 5\u00aa Confer\u00eancia Nacional do Meio Ambiente ou etapa estadual&#8221;, conclui.<\/p>\n<p>As propostas dever\u00e3o ser constru\u00eddas em torno de\u00a0<strong>cinco eixos tem\u00e1ticos,<\/strong>\u00a0j\u00e1 estabelecidos pelo Minist\u00e9rio do Meio Ambiente:<\/p>\n<p>1 &#8211; Mitiga\u00e7\u00e3o: redu\u00e7\u00e3o da emiss\u00e3o de gases de efeito estufa<br \/>2 &#8211; Adapta\u00e7\u00e3o e prepara\u00e7\u00e3o para desastres: preven\u00e7\u00e3o de riscos e redu\u00e7\u00e3o de perdas e danos<br \/>3 &#8211; Justi\u00e7a clim\u00e1tica: supera\u00e7\u00e3o das desigualdades<br \/>4 &#8211; Transforma\u00e7\u00e3o ecol\u00f3gica: descarboniza\u00e7\u00e3o da economia com maior inclus\u00e3o social<br \/>5 &#8211; Governan\u00e7a e educa\u00e7\u00e3o ambiental: participa\u00e7\u00e3o e controle social<\/p>\n<h2><span style=\"text-decoration: underline;\">Servi\u00e7o<\/span><\/h2>\n<p>As inscri\u00e7\u00f5es para participar da Confer\u00eancia Livre do Meio Ambiente, promovida pela Contraf-CUT, j\u00e1 est\u00e3o abertas.\u00a0<a href=\"https:\/\/us06web.zoom.us\/meeting\/register\/tZUoceCvrTsiHdBx_FrIVTZ7TkJFqpp2bcju\" target=\"_blank\" rel=\"noopener noreferrer\"><strong>Clique aqui e siga os passos para participar.<\/strong><\/a><br \/><strong><br \/>Quando:\u00a0<\/strong>20 de janeiro<br \/><strong>Hor\u00e1rio:\u00a0<\/strong>das 14h \u00e0s 18h<\/p>\n<p>\u201c\u00c9 muito importante a participa\u00e7\u00e3o de todas e todos. Vivemos um momento \u00fanico na hist\u00f3ria, em que precisamos nos unir por uma quest\u00e3o de sobreviv\u00eancia e, n\u00f3s, do movimento sindical banc\u00e1rio, podemos contribuir com a sociedade a partir da nossa experi\u00eancia bem-sucedida de organiza\u00e7\u00e3o, que levou a nossa categoria a obter a conven\u00e7\u00e3o coletiva de trabalho com direitos mais avan\u00e7ados. Ent\u00e3o, \u00e9 esse know how (saber como fazer) que queremos dividir nessa iniciativa de encontrar sa\u00eddas para a crise clim\u00e1tica\u201d, conclui a secret\u00e1ria de Pol\u00edticas Sociais da Contraf-CUT. \u201cTemos consci\u00eancia que os maiores poluentes s\u00e3o os detentores do capital. Mas \u00e9 responsabilidade de cada um de n\u00f3s, cidad\u00e3os, propor a\u00e7\u00f5es, cobrar e fiscalizar\u201d, completa Elaine Cutis.\u00a0<\/p>\n<h2>Cen\u00e1rio para a classe trabalhadora<\/h2>\n<p><a href=\"https:\/\/agenciagov.ebc.com.br\/noticias\/202501\/ano-de-2024-e-o-mais-quente-no-brasil-desde-1961\" target=\"_blank\" rel=\"noopener noreferrer\">Segundo o Instituto Nacional de Meteorologia (INMET)<\/a>, 2024 foi o ano mais quente no Brasil, desde 1961.\u00a0<a href=\"https:\/\/valor.globo.com\/publicacoes\/especiais\/mudancas-climaticas\/noticia\/2024\/04\/22\/mudanca-climatica-pode-levar-mais-de-3-milhoes-de-brasileiros-a-pobreza.ghtml\" target=\"_blank\" rel=\"noopener noreferrer\">Levantamentos do Banco Mundial e do Banco Central Europeu<\/a>, apontam que os mais afetados pelos eventos clim\u00e1ticos extremos ser\u00e3o os mais pobres. Relat\u00f3rio divulgado pela primeira entidade, em maio do ano passado, estima que a crise ambiental atingir\u00e1 entre 800 mil a 3 milh\u00f5es no Brasil e cerca de 3 bilh\u00f5es globalmente. J\u00e1 um trabalho divulgado pelo Banco Central Europeu em parceria com a Universidade de Potsdam, na Alemanha, destaca que o fen\u00f4meno pode elevar a infla\u00e7\u00e3o de alimentos, em \u00e2mbito global, em at\u00e9 3,2% ao ano.<\/p>\n<p>&#8220;\u00c9 a classe trabalhadora que est\u00e1 em risco. O calor excessivo tamb\u00e9m gera perda de produtividade para quem precisa se expor ao ambiente, como os trabalhadores bra\u00e7ais. Al\u00e9m disso, a press\u00e3o inflacion\u00e1ria sempre impacta mais os mais pobres, os que dependem do dia a dia de venda da for\u00e7a de trabalho para garantir a renda&#8221;, pontua a secret\u00e1ria do Meio Ambiente da Central \u00danica dos Trabalhadores (CUT) Nacional, Rosalina Amorim.<\/p>\n<p><strong>Fonte: Contraf-CUT<\/strong><\/p>\n","protected":false},"excerpt":{"rendered":"<p>A Confedera\u00e7\u00e3o Nacional dos Trabalhadores e das Trabalhadoras do Ramo Financeiro (Contraf-CUT) realizar\u00e1 no dia 20 de janeiro, das 14h \u00e0s 18h, no formato virtual, por meio da plataforma Zoom, a Confer\u00eancia Livre do Meio Ambiente. &#8220;Esse encontro constituiu uma das etapas da 5\u00aa Confer\u00eancia Nacional do Meio Ambiente, que \u00e9 a etapa onde entidades [&hellip;]<\/p>\n","protected":false},"author":2,"featured_media":16077,"comment_status":"","ping_status":"","sticky":false,"template":"","format":"standard","meta":{"footnotes":""},"categories":[3],"tags":[],"class_list":["post-16078","post","type-post","status-publish","format-standard","has-post-thumbnail","hentry","category-noticias"],"_links":{"self":[{"href":"https:\/\/hostnetart.com.br\/baixada\/wp-json\/wp\/v2\/posts\/16078","targetHints":{"allow":["GET"]}}],"collection":[{"href":"https:\/\/hostnetart.com.br\/baixada\/wp-json\/wp\/v2\/posts"}],"about":[{"href":"https:\/\/hostnetart.com.br\/baixada\/wp-json\/wp\/v2\/types\/post"}],"author":[{"embeddable":true,"href":"https:\/\/hostnetart.com.br\/baixada\/wp-json\/wp\/v2\/users\/2"}],"replies":[{"embeddable":true,"href":"https:\/\/hostnetart.com.br\/baixada\/wp-json\/wp\/v2\/comments?post=16078"}],"version-history":[{"count":0,"href":"https:\/\/hostnetart.com.br\/baixada\/wp-json\/wp\/v2\/posts\/16078\/revisions"}],"wp:featuredmedia":[{"embeddable":true,"href":"https:\/\/hostnetart.com.br\/baixada\/wp-json\/wp\/v2\/media\/16077"}],"wp:attachment":[{"href":"https:\/\/hostnetart.com.br\/baixada\/wp-json\/wp\/v2\/media?parent=16078"}],"wp:term":[{"taxonomy":"category","embeddable":true,"href":"https:\/\/hostnetart.com.br\/baixada\/wp-json\/wp\/v2\/categories?post=16078"},{"taxonomy":"post_tag","embeddable":true,"href":"https:\/\/hostnetart.com.br\/baixada\/wp-json\/wp\/v2\/tags?post=16078"}],"curies":[{"name":"wp","href":"https:\/\/api.w.org\/{rel}","templated":true}]}}