{"id":16072,"date":"2025-01-08T13:12:57","date_gmt":"2025-01-08T16:12:57","guid":{"rendered":"https:\/\/hostnetart.com.br\/baixada\/movimento-sindical-ira-debater-com-itau-plano-de-saude-dos-aposentados-na-segunda-13\/"},"modified":"2025-01-08T13:12:57","modified_gmt":"2025-01-08T16:12:57","slug":"movimento-sindical-ira-debater-com-itau-plano-de-saude-dos-aposentados-na-segunda-13","status":"publish","type":"post","link":"https:\/\/hostnetart.com.br\/baixada\/movimento-sindical-ira-debater-com-itau-plano-de-saude-dos-aposentados-na-segunda-13\/","title":{"rendered":"Movimento sindical ir\u00e1 debater com Ita\u00fa plano de sa\u00fade dos aposentados na segunda (13)"},"content":{"rendered":"<p>A Comiss\u00e3o de Organiza\u00e7\u00e3o dos Empregados (CEO) do Ita\u00fa se reunir\u00e1 com o banco, na segunda-feira (13), para discutir\u00a0<strong>sa\u00eddas sustent\u00e1veis e humanas aos aposentados no plano de sa\u00fade do Ita\u00fa<\/strong>.<\/p>\n<p>Ap\u00f3s cessar o per\u00edodo da manuten\u00e7\u00e3o da parcela de contribui\u00e7\u00e3o do banco, garantido pela Conven\u00e7\u00e3o Coletiva de Trabalho da categoria, o Ita\u00fa come\u00e7ou a impor aos trabalhadores e trabalhadoras, que se aposentaram, a migra\u00e7\u00e3o do plano de quando estavam na ativa, de sa\u00fade familiar, para um plano individual e sem a contribui\u00e7\u00e3o do banco na mensalidade.<\/p>\n<p>O valor do plano individual \u00e9 de R$ 1.929, portanto o gasto pode chegar a quase R$ 4 mil, no caso de um casal.<\/p>\n<p>Outra quest\u00e3o que ser\u00e1 debatida na reuni\u00e3o \u00e9 sobre informa\u00e7\u00f5es que justifiquem os valores hoje pagos pelos aposentados. Conforme a lei que regulamenta os planos de sa\u00fade privados no pa\u00eds (n\u00ba 9.656\/98), o trabalhador pode manter o plano de sa\u00fade empresarial ap\u00f3s 10 de contribui\u00e7\u00e3o, desde que assuma a mensalidade. Entretanto, apesar de reiterados pedidos do movimento sindical, o Ita\u00fa n\u00e3o revela quanto era sua contribui\u00e7\u00e3o no plano aos banc\u00e1rios, quando estavam na ativa, e tem cobrado valores de mercado.<\/p>\n<p>O dirigente da Contraf-CUT e banc\u00e1rio do Ita\u00fa, Jair Alves, destaca que o movimento sindical vem articulando em todo o pa\u00eds protestos entre os trabalhadores para que o banco apresente uma solu\u00e7\u00e3o. \u201cO valor \u00e9 um absurdo. Os aposentados est\u00e3o sendo obrigados a optar entre fazer\u00a0<em>downgrade<\/em>\u00a0no plano, excluir familiares, abrir m\u00e3o do plano ou ent\u00e3o comprometer uma enorme parcela da sua renda com a mensalidade\u201d, completou.<\/p>\n<h2>Mobiliza\u00e7\u00f5es<\/h2>\n<p>A atua\u00e7\u00e3o dos trabalhadores resultou em uma reuni\u00e3o no Minist\u00e9rio P\u00fablico do Trabalho (MPT), envolvendo representantes do Ita\u00fa e dos aposentados, no dia 3 de dezembro. O encontro serviu para formular uma proposta do movimento sindical enviada ao banco no dia 19 de dezembro\u00a0<a href=\"https:\/\/contrafcut.com.br\/noticias\/proposta-sobre-plano-de-saude-dos-aposentados-e-enviada-ao-itau\/\" target=\"_blank\" rel=\"noopener noreferrer\"><strong>(clique aqui e veja as propostas)<\/strong><\/a>.<\/p>\n<p>Nos pr\u00f3ximos dias e na segunda-feira (13), data da reuni\u00e3o com o Ita\u00fa, os trabalhadores realizar\u00e3o, em todo o pa\u00eds, mobiliza\u00e7\u00f5es para cobrar do banco uma solu\u00e7\u00e3o sustent\u00e1vel e humana aos aposentados.<\/p>\n<p>As mobiliza\u00e7\u00f5es incluem\u00a0<strong>a\u00e7\u00f5es nas redes sociais, a partir das 10h do dia 13<\/strong>, com o uso da hashtag\u00a0<strong>#AposentadosMerecemSa\u00fade<\/strong>.<\/p>\n<p>\u201cNosso objetivo \u00e9 de que j\u00e1 nessa primeira reuni\u00e3o com o banco, no dia 13 de janeiro, cheguemos a uma solu\u00e7\u00e3o acordada entre as partes, antes mesmo da [nova] audi\u00eancia no MPT. Ningu\u00e9m quer deixar de pagar. Por\u00e9m, o que pretende este grande movimento nacional \u00e9 que seja estabelecida uma contribui\u00e7\u00e3o que n\u00e3o inviabilize a perman\u00eancia no plano\u201d, pontua Jair Alves.<\/p>\n<p><em>Fonte: Contraf-CUT, com informa\u00e7\u00f5es do site SPBanc\u00e1rios\u00a0<\/em><\/p>\n","protected":false},"excerpt":{"rendered":"<p>A Comiss\u00e3o de Organiza\u00e7\u00e3o dos Empregados (CEO) do Ita\u00fa se reunir\u00e1 com o banco, na segunda-feira (13), para discutir\u00a0sa\u00eddas sustent\u00e1veis e humanas aos aposentados no plano de sa\u00fade do Ita\u00fa. Ap\u00f3s cessar o per\u00edodo da manuten\u00e7\u00e3o da parcela de contribui\u00e7\u00e3o do banco, garantido pela Conven\u00e7\u00e3o Coletiva de Trabalho da categoria, o Ita\u00fa come\u00e7ou a impor [&hellip;]<\/p>\n","protected":false},"author":2,"featured_media":16071,"comment_status":"","ping_status":"","sticky":false,"template":"","format":"standard","meta":{"footnotes":""},"categories":[3],"tags":[],"class_list":["post-16072","post","type-post","status-publish","format-standard","has-post-thumbnail","hentry","category-noticias"],"_links":{"self":[{"href":"https:\/\/hostnetart.com.br\/baixada\/wp-json\/wp\/v2\/posts\/16072","targetHints":{"allow":["GET"]}}],"collection":[{"href":"https:\/\/hostnetart.com.br\/baixada\/wp-json\/wp\/v2\/posts"}],"about":[{"href":"https:\/\/hostnetart.com.br\/baixada\/wp-json\/wp\/v2\/types\/post"}],"author":[{"embeddable":true,"href":"https:\/\/hostnetart.com.br\/baixada\/wp-json\/wp\/v2\/users\/2"}],"replies":[{"embeddable":true,"href":"https:\/\/hostnetart.com.br\/baixada\/wp-json\/wp\/v2\/comments?post=16072"}],"version-history":[{"count":0,"href":"https:\/\/hostnetart.com.br\/baixada\/wp-json\/wp\/v2\/posts\/16072\/revisions"}],"wp:featuredmedia":[{"embeddable":true,"href":"https:\/\/hostnetart.com.br\/baixada\/wp-json\/wp\/v2\/media\/16071"}],"wp:attachment":[{"href":"https:\/\/hostnetart.com.br\/baixada\/wp-json\/wp\/v2\/media?parent=16072"}],"wp:term":[{"taxonomy":"category","embeddable":true,"href":"https:\/\/hostnetart.com.br\/baixada\/wp-json\/wp\/v2\/categories?post=16072"},{"taxonomy":"post_tag","embeddable":true,"href":"https:\/\/hostnetart.com.br\/baixada\/wp-json\/wp\/v2\/tags?post=16072"}],"curies":[{"name":"wp","href":"https:\/\/api.w.org\/{rel}","templated":true}]}}