{"id":16068,"date":"2025-01-06T17:17:06","date_gmt":"2025-01-06T20:17:06","guid":{"rendered":"https:\/\/hostnetart.com.br\/baixada\/santander-muda-criterios-de-remuneracao-variavel-e-prejudica-caixas\/"},"modified":"2025-01-06T17:17:06","modified_gmt":"2025-01-06T20:17:06","slug":"santander-muda-criterios-de-remuneracao-variavel-e-prejudica-caixas","status":"publish","type":"post","link":"https:\/\/hostnetart.com.br\/baixada\/santander-muda-criterios-de-remuneracao-variavel-e-prejudica-caixas\/","title":{"rendered":"Santander muda crit\u00e9rios de remunera\u00e7\u00e3o vari\u00e1vel e prejudica caixas"},"content":{"rendered":"<\/p>\n<p>Na \u00faltima reuni\u00e3o da Comiss\u00e3o de Organiza\u00e7\u00e3o dos Empregados (COE) do Santander, realizada em 23 de dezembro de 2024, a institui\u00e7\u00e3o anunciou uma mudan\u00e7a significativa nos crit\u00e9rios de elegibilidade para a remunera\u00e7\u00e3o vari\u00e1vel. A partir de agora, os caixas estar\u00e3o eleg\u00edveis apenas ao Programa Pr\u00f3prio de Resultados (PPRS), enquanto a remunera\u00e7\u00e3o vari\u00e1vel ficar\u00e1 restrita \u00e0s \u00e1reas comerciais.<\/p>\n<p>Essa nova delibera\u00e7\u00e3o gerou forte preocupa\u00e7\u00e3o entre os representantes dos trabalhadores, uma vez que o banco, nas entrelinhas, sinaliza que os caixas n\u00e3o seriam mais eleg\u00edveis a receber a remunera\u00e7\u00e3o vari\u00e1vel, um direito conquistado e essencial para a valoriza\u00e7\u00e3o desses profissionais.<\/p>\n<p>Durante a reuni\u00e3o, a COE apresentou uma s\u00e9rie de questionamentos e pondera\u00e7\u00f5es ao banco sobre os impactos dessa decis\u00e3o. Entre os pontos levantados, destacam-se:<\/p>\n<ul>\n<li>Veda\u00e7\u00e3o \u00e0 venda de produtos pelos caixas: A decis\u00e3o significa que os caixas n\u00e3o poder\u00e3o mais vender produtos?<\/li>\n<li>Impactos na carreira: Como ser\u00e1 feita a avalia\u00e7\u00e3o dos caixas que realizam vendas e desejam progredir na carreira?<\/li>\n<li>Extin\u00e7\u00e3o da fun\u00e7\u00e3o: A mudan\u00e7a sugere uma tentativa do banco de acabar com a fun\u00e7\u00e3o de caixa nas ag\u00eancias?<\/li>\n<li>Discrimina\u00e7\u00e3o profissional: A exclus\u00e3o dos caixas da remunera\u00e7\u00e3o vari\u00e1vel n\u00e3o configuraria uma forma de discrimina\u00e7\u00e3o?<\/li>\n<li>Cobran\u00e7a incompat\u00edvel: Em ag\u00eancias sem a fun\u00e7\u00e3o de caixa, os Especialistas de Servi\u00e7os (ESs), que precisam assumir essas atividades, s\u00e3o pressionados por metas de vendas que n\u00e3o conseguem cumprir enquanto atuam no atendimento ao caixa.<\/li>\n<\/ul>\n<p>\u201cO movimento sindical tem sido historicamente contra a imposi\u00e7\u00e3o de metas de vendas de produtos para os caixas, defendendo a ado\u00e7\u00e3o de metas coletivas como forma de valorizar o trabalho em equipe e evitar press\u00f5es individuais excessivas. A exclus\u00e3o dos caixas da remunera\u00e7\u00e3o vari\u00e1vel refor\u00e7a a luta dos sindicatos contra as medidas que discriminam trabalhadores e retiram direitos\u201d, afirmou Andr\u00e9 Camorozano, membro da COE Santander.<\/p>\n<p>&#8220;A decis\u00e3o do banco \u00e9 um claro retrocesso e representa uma desvaloriza\u00e7\u00e3o dos caixas, que desempenham um papel essencial no atendimento ao cliente. Continuaremos firmes na luta para reverter essa decis\u00e3o e garantir que nenhum direito seja retirado&#8221;, afirmou Rita Berlofa, secret\u00e1ria de Rela\u00e7\u00f5es Internacionais da Contraf-CUT.<\/p>\n<p><strong>Fonte: Contraf-CUT<\/strong><\/p>\n","protected":false},"excerpt":{"rendered":"<p>Na \u00faltima reuni\u00e3o da Comiss\u00e3o de Organiza\u00e7\u00e3o dos Empregados (COE) do Santander, realizada em 23 de dezembro de 2024, a institui\u00e7\u00e3o anunciou uma mudan\u00e7a significativa nos crit\u00e9rios de elegibilidade para a remunera\u00e7\u00e3o vari\u00e1vel. A partir de agora, os caixas estar\u00e3o eleg\u00edveis apenas ao Programa Pr\u00f3prio de Resultados (PPRS), enquanto a remunera\u00e7\u00e3o vari\u00e1vel ficar\u00e1 restrita \u00e0s [&hellip;]<\/p>\n","protected":false},"author":2,"featured_media":16067,"comment_status":"","ping_status":"","sticky":false,"template":"","format":"standard","meta":{"footnotes":""},"categories":[3],"tags":[],"class_list":["post-16068","post","type-post","status-publish","format-standard","has-post-thumbnail","hentry","category-noticias"],"_links":{"self":[{"href":"https:\/\/hostnetart.com.br\/baixada\/wp-json\/wp\/v2\/posts\/16068","targetHints":{"allow":["GET"]}}],"collection":[{"href":"https:\/\/hostnetart.com.br\/baixada\/wp-json\/wp\/v2\/posts"}],"about":[{"href":"https:\/\/hostnetart.com.br\/baixada\/wp-json\/wp\/v2\/types\/post"}],"author":[{"embeddable":true,"href":"https:\/\/hostnetart.com.br\/baixada\/wp-json\/wp\/v2\/users\/2"}],"replies":[{"embeddable":true,"href":"https:\/\/hostnetart.com.br\/baixada\/wp-json\/wp\/v2\/comments?post=16068"}],"version-history":[{"count":0,"href":"https:\/\/hostnetart.com.br\/baixada\/wp-json\/wp\/v2\/posts\/16068\/revisions"}],"wp:featuredmedia":[{"embeddable":true,"href":"https:\/\/hostnetart.com.br\/baixada\/wp-json\/wp\/v2\/media\/16067"}],"wp:attachment":[{"href":"https:\/\/hostnetart.com.br\/baixada\/wp-json\/wp\/v2\/media?parent=16068"}],"wp:term":[{"taxonomy":"category","embeddable":true,"href":"https:\/\/hostnetart.com.br\/baixada\/wp-json\/wp\/v2\/categories?post=16068"},{"taxonomy":"post_tag","embeddable":true,"href":"https:\/\/hostnetart.com.br\/baixada\/wp-json\/wp\/v2\/tags?post=16068"}],"curies":[{"name":"wp","href":"https:\/\/api.w.org\/{rel}","templated":true}]}}