{"id":16062,"date":"2024-12-23T20:30:53","date_gmt":"2024-12-23T23:30:53","guid":{"rendered":"https:\/\/hostnetart.com.br\/baixada\/coe-santander-debate-modelo-de-vestimenta-imposto-pelo-banco\/"},"modified":"2024-12-23T20:30:53","modified_gmt":"2024-12-23T23:30:53","slug":"coe-santander-debate-modelo-de-vestimenta-imposto-pelo-banco","status":"publish","type":"post","link":"https:\/\/hostnetart.com.br\/baixada\/coe-santander-debate-modelo-de-vestimenta-imposto-pelo-banco\/","title":{"rendered":"COE Santander debate modelo de vestimenta imposto pelo banco"},"content":{"rendered":"<\/p>\n<p>A Comiss\u00e3o de Organiza\u00e7\u00e3o dos Empregados (COE) do Santander se reuniu na manh\u00e3 desta segunda-feira (23) com a dire\u00e7\u00e3o do banco para discutir o novo modelo de vestimenta imposto pela empresa, denominado &#8220;Estilo Santander&#8221;.<\/p>\n<p>O banco implementou um dress code para seus funcion\u00e1rios, que inclui a doa\u00e7\u00e3o de cinco pe\u00e7as de roupa e a possibilidade de adquirir outras diretamente. Segundo o Santander, o uso das pe\u00e7as doadas n\u00e3o ser\u00e1 obrigat\u00f3rio.<\/p>\n<p>No entanto, o movimento sindical criticou a iniciativa e reivindicou que todas as roupas sejam fornecidas integralmente pelo banco, sem custos adicionais aos trabalhadores, uma vez que o uniforme \u00e9 uma prerrogativa da empresa. \u201c\u00c9 ruim ter que usar e pagar pela marca\u201d, destacou um dos dirigentes.<\/p>\n<p>A coordenadora da COE, Wanessa Queiroz, apontou a sua preocupa\u00e7\u00e3o com a seguran\u00e7a dos banc\u00e1rios. O uso de uniformes pode facilitar a identifica\u00e7\u00e3o dos trabalhadores, tornando-os potenciais alvos de criminosos, especialmente em um setor que j\u00e1 enfrenta altos \u00edndices de viol\u00eancia e assaltos. \u201cPrecisamos garantir que esse modelo de vestimenta n\u00e3o comprometa a seguran\u00e7a dos funcion\u00e1rios nos seus deslocamentos e nas visitas, que j\u00e1 lidam com situa\u00e7\u00f5es de risco no dia a dia. A vida do trabalhador n\u00e3o tem pre\u00e7o\u201d, afirmou a coordenadora da COE. Ela ainda refor\u00e7ou que o modelo n\u00e3o deve gerar nenhum custo ou risco aos trabalhadores. \u201cSe o banco decidiu implementar o uniforme, \u00e9 obriga\u00e7\u00e3o dele fornecer as pe\u00e7as sem transferir despesas aos funcion\u00e1rios\u201d, concluiu.<\/p>\n<h1>Combate \u00e0 press\u00e3o no ambiente de trabalho<\/h1>\n<p>Os membros tamb\u00e9m reivindicaram que o banco oriente seus gestores a evitar cobran\u00e7as relacionadas ao uso do uniforme nos locais de trabalho. \u201cA decis\u00e3o de aderir ao modelo deve ser respeitada, e n\u00e3o imposta como uma obriga\u00e7\u00e3o velada\u201d, refor\u00e7ou a secret\u00e1ria de Rela\u00e7\u00f5es Internacionais da Contraf-CUT, Rita Berlofa.<\/p>\n<p><b>Fonte: Contraf-CUT<\/b><\/p>\n","protected":false},"excerpt":{"rendered":"<p>A Comiss\u00e3o de Organiza\u00e7\u00e3o dos Empregados (COE) do Santander se reuniu na manh\u00e3 desta segunda-feira (23) com a dire\u00e7\u00e3o do banco para discutir o novo modelo de vestimenta imposto pela empresa, denominado &#8220;Estilo Santander&#8221;. O banco implementou um dress code para seus funcion\u00e1rios, que inclui a doa\u00e7\u00e3o de cinco pe\u00e7as de roupa e a possibilidade [&hellip;]<\/p>\n","protected":false},"author":2,"featured_media":16061,"comment_status":"","ping_status":"","sticky":false,"template":"","format":"standard","meta":{"footnotes":""},"categories":[3],"tags":[],"class_list":["post-16062","post","type-post","status-publish","format-standard","has-post-thumbnail","hentry","category-noticias"],"_links":{"self":[{"href":"https:\/\/hostnetart.com.br\/baixada\/wp-json\/wp\/v2\/posts\/16062","targetHints":{"allow":["GET"]}}],"collection":[{"href":"https:\/\/hostnetart.com.br\/baixada\/wp-json\/wp\/v2\/posts"}],"about":[{"href":"https:\/\/hostnetart.com.br\/baixada\/wp-json\/wp\/v2\/types\/post"}],"author":[{"embeddable":true,"href":"https:\/\/hostnetart.com.br\/baixada\/wp-json\/wp\/v2\/users\/2"}],"replies":[{"embeddable":true,"href":"https:\/\/hostnetart.com.br\/baixada\/wp-json\/wp\/v2\/comments?post=16062"}],"version-history":[{"count":0,"href":"https:\/\/hostnetart.com.br\/baixada\/wp-json\/wp\/v2\/posts\/16062\/revisions"}],"wp:featuredmedia":[{"embeddable":true,"href":"https:\/\/hostnetart.com.br\/baixada\/wp-json\/wp\/v2\/media\/16061"}],"wp:attachment":[{"href":"https:\/\/hostnetart.com.br\/baixada\/wp-json\/wp\/v2\/media?parent=16062"}],"wp:term":[{"taxonomy":"category","embeddable":true,"href":"https:\/\/hostnetart.com.br\/baixada\/wp-json\/wp\/v2\/categories?post=16062"},{"taxonomy":"post_tag","embeddable":true,"href":"https:\/\/hostnetart.com.br\/baixada\/wp-json\/wp\/v2\/tags?post=16062"}],"curies":[{"name":"wp","href":"https:\/\/api.w.org\/{rel}","templated":true}]}}