{"id":16060,"date":"2024-12-23T20:28:25","date_gmt":"2024-12-23T23:28:25","guid":{"rendered":"https:\/\/hostnetart.com.br\/baixada\/cassi-adia-final-do-prazo-apos-reuniao-com-o-movimento-sindical\/"},"modified":"2024-12-23T20:28:25","modified_gmt":"2024-12-23T23:28:25","slug":"cassi-adia-final-do-prazo-apos-reuniao-com-o-movimento-sindical","status":"publish","type":"post","link":"https:\/\/hostnetart.com.br\/baixada\/cassi-adia-final-do-prazo-apos-reuniao-com-o-movimento-sindical\/","title":{"rendered":"Cassi adia final do prazo, ap\u00f3s reuni\u00e3o com o Movimento Sindical"},"content":{"rendered":"<\/p>\n<p>A Confedera\u00e7\u00e3o Nacional dos Trabalhadores do Ramo Financeiro (Contraf-CUT) reuniu-se na manh\u00e3 desta segunda-feira (23) com representantes da Caixa de Assist\u00eancia dos Funcion\u00e1rios do Banco do Brasil (Cassi) para debater a suspens\u00e3o das cobran\u00e7as direcionadas aos funcion\u00e1rios do Banco do Brasil associados \u00e0 entidade.<\/p>\n<p>As cobran\u00e7as envolvem recursos referentes a a\u00e7\u00f5es trabalhistas e acordos firmados em Comiss\u00e3o de Concilia\u00e7\u00e3o Volunt\u00e1ria ou Comiss\u00e3o de Concilia\u00e7\u00e3o Pr\u00e9via (CCV\/CCP) no per\u00edodo entre julho de 2010 e setembro de 2023. Segundo o movimento sindical, o Banco do Brasil, \u00e0 \u00e9poca, n\u00e3o efetuou os recolhimentos obrigat\u00f3rios \u00e0 Cassi, deixando de descontar sua parte e a dos funcion\u00e1rios, mesmo ap\u00f3s alertas do movimento sindical sobre a obrigatoriedade do procedimento.<\/p>\n<h1>Cassi prorroga prazo, mas Contraf exige suspens\u00e3o total<\/h1>\n<p>Em resposta \u00e0 press\u00e3o sindical, a Cassi prorrogou at\u00e9 o dia 24 de janeiro de 2024 o prazo para ades\u00e3o \u00e0 proposta de pagamento. No entanto, a Contraf-CUT segue insistindo na suspens\u00e3o total das cobran\u00e7as, posicionando-se contra os juros e corre\u00e7\u00e3o aplicados, a aus\u00eancia de um valor m\u00e1ximo de pagamento e a impossibilidade de contesta\u00e7\u00e3o por parte dos banc\u00e1rios.<\/p>\n<p>\u201cO movimento sindical n\u00e3o vai parar de lutar pelos banc\u00e1rios e as banc\u00e1rias. Mais de 35 mil pessoas n\u00e3o aderiram e, assim, manifestaram discord\u00e2ncia com essa proposta da Cassi, isso \u00e9 claro!\u201d, afirmou Gustavo Tabatinga Jr., secret\u00e1rio-geral da Contraf-CUT.<\/p>\n<p>A Contraf-CUT orienta os banc\u00e1rios e as banc\u00e1rias a N\u00c3O aderirem \u00e0 proposta da Cassi neste momento, enquanto melhores condi\u00e7\u00f5es continuam sendo negociadas. Al\u00e9m disso, recomenda que os sindicatos locais identifiquem e ofere\u00e7am suporte aos trabalhadores que est\u00e3o sendo cobrados, refor\u00e7ando a unidade da categoria.<\/p>\n<p>&#8220;Ap\u00f3s a cobran\u00e7a da Contraf conseguimos que a proposta de ades\u00e3o fosse adiada at\u00e9 dia 24 de janeiro, al\u00e9m disso a Cassi tambem est\u00e1 avaliando propostas apresentadas como a redu\u00e7\u00e3o das parcelas m\u00ednimas mensais, amplia\u00e7\u00e3o do prazo de pagamento parcelado para at\u00e9 72 meses e pagamento sem juros para quem parcelar o valor devido em at\u00e9 12 meses (por\u00e9m sem a incid\u00eancia de desconto). A Contraf tamb\u00e9m refor\u00e7ou que ir\u00e1 exigir que o Banco do Brasil possibilite que os associados fa\u00e7am o pagamento sem incid\u00eancia de juros e corre\u00e7\u00e3o: \u201ccobramos do Banco do Brasil que seja criada linha de PAS espec\u00edfica para este fim, o que melhoraria muito as condi\u00e7\u00f5es de pagamento.&#8221;, afirma Fernanda Lopes, coordenadora da CEBB.<\/p>\n<p>\u201cContinuamos discordando da aplica\u00e7\u00e3o de corre\u00e7\u00e3o e juros, da aus\u00eancia de valor m\u00e1ximo, assim como da aus\u00eancia da possibilidade de contesta\u00e7\u00e3o dos valores pelos banc\u00e1rios. A Contraf-CUT est\u00e1 ao lado dos trabalhadores e n\u00e3o medir\u00e1 esfor\u00e7os para solucionar esta situa\u00e7\u00e3o de forma justa\u201d, concluiu Gustavo Tabatinga.<\/p>\n<p><b>Fonte: Contraf-CUT<\/b><\/p>\n","protected":false},"excerpt":{"rendered":"<p>A Confedera\u00e7\u00e3o Nacional dos Trabalhadores do Ramo Financeiro (Contraf-CUT) reuniu-se na manh\u00e3 desta segunda-feira (23) com representantes da Caixa de Assist\u00eancia dos Funcion\u00e1rios do Banco do Brasil (Cassi) para debater a suspens\u00e3o das cobran\u00e7as direcionadas aos funcion\u00e1rios do Banco do Brasil associados \u00e0 entidade. As cobran\u00e7as envolvem recursos referentes a a\u00e7\u00f5es trabalhistas e acordos firmados [&hellip;]<\/p>\n","protected":false},"author":2,"featured_media":16059,"comment_status":"","ping_status":"","sticky":false,"template":"","format":"standard","meta":{"footnotes":""},"categories":[3],"tags":[],"class_list":["post-16060","post","type-post","status-publish","format-standard","has-post-thumbnail","hentry","category-noticias"],"_links":{"self":[{"href":"https:\/\/hostnetart.com.br\/baixada\/wp-json\/wp\/v2\/posts\/16060","targetHints":{"allow":["GET"]}}],"collection":[{"href":"https:\/\/hostnetart.com.br\/baixada\/wp-json\/wp\/v2\/posts"}],"about":[{"href":"https:\/\/hostnetart.com.br\/baixada\/wp-json\/wp\/v2\/types\/post"}],"author":[{"embeddable":true,"href":"https:\/\/hostnetart.com.br\/baixada\/wp-json\/wp\/v2\/users\/2"}],"replies":[{"embeddable":true,"href":"https:\/\/hostnetart.com.br\/baixada\/wp-json\/wp\/v2\/comments?post=16060"}],"version-history":[{"count":0,"href":"https:\/\/hostnetart.com.br\/baixada\/wp-json\/wp\/v2\/posts\/16060\/revisions"}],"wp:featuredmedia":[{"embeddable":true,"href":"https:\/\/hostnetart.com.br\/baixada\/wp-json\/wp\/v2\/media\/16059"}],"wp:attachment":[{"href":"https:\/\/hostnetart.com.br\/baixada\/wp-json\/wp\/v2\/media?parent=16060"}],"wp:term":[{"taxonomy":"category","embeddable":true,"href":"https:\/\/hostnetart.com.br\/baixada\/wp-json\/wp\/v2\/categories?post=16060"},{"taxonomy":"post_tag","embeddable":true,"href":"https:\/\/hostnetart.com.br\/baixada\/wp-json\/wp\/v2\/tags?post=16060"}],"curies":[{"name":"wp","href":"https:\/\/api.w.org\/{rel}","templated":true}]}}