{"id":16056,"date":"2024-12-21T00:18:49","date_gmt":"2024-12-21T03:18:49","guid":{"rendered":"https:\/\/hostnetart.com.br\/baixada\/tutela-antecipada-e-restabelecida-vitoria-dos-trabalhadores-do-banco-do-brasil\/"},"modified":"2024-12-21T00:18:49","modified_gmt":"2024-12-21T03:18:49","slug":"tutela-antecipada-e-restabelecida-vitoria-dos-trabalhadores-do-banco-do-brasil","status":"publish","type":"post","link":"https:\/\/hostnetart.com.br\/baixada\/tutela-antecipada-e-restabelecida-vitoria-dos-trabalhadores-do-banco-do-brasil\/","title":{"rendered":"Tutela antecipada \u00e9 restabelecida: Vit\u00f3ria dos trabalhadores do Banco do Brasil"},"content":{"rendered":"<p>Uma conquista importante para os trabalhadores do Banco do Brasil foi alcan\u00e7ada na quarta-feira (18). A Justi\u00e7a do Trabalho restabeleceu a tutela antecipada em a\u00e7\u00e3o movida pela Contraf-CUT e Federa\u00e7\u00f5es contra o banco, garantindo a incorpora\u00e7\u00e3o das gratifica\u00e7\u00f5es\/comiss\u00f5es aos funcion\u00e1rios atingidos pela reestrutura\u00e7\u00e3o de 2016 que j\u00e1 haviam recebido essas verbas por mais de 10 anos.<\/p>\n<h1>Hist\u00f3rico da Luta<\/h1>\n<p>Em 2016, o Banco do Brasil realizou uma ampla reestrutura\u00e7\u00e3o que impactou diversos trabalhadores, suprimindo gratifica\u00e7\u00f5es e comiss\u00f5es de muitos que j\u00e1 exerciam fun\u00e7\u00f5es de confian\u00e7a h\u00e1 mais de uma d\u00e9cada. Ap\u00f3s tentativas de negocia\u00e7\u00e3o com o banco, inclusive mediadas pelo Minist\u00e9rio P\u00fablico do Trabalho (MPT), a Contraf-CUT e Federa\u00e7\u00f5es ingressaram com a\u00e7\u00e3o judicial em 2017.<\/p>\n<p>Em setembro de 2017, a Justi\u00e7a deferiu a tutela antecipada para garantir a manuten\u00e7\u00e3o dos pagamentos das gratifica\u00e7\u00f5es. Contudo, em agosto de 2018, o juiz de primeiro grau extinguiu o processo sem julgamento de m\u00e9rito, alegando ilegitimidade das entidades sindicais para atuar como substitutas processuais.<\/p>\n<p>Diante disso, as entidades recorreram ao Tribunal Regional do Trabalho da 10\u00aa Regi\u00e3o (TRT10), que reconheceu a legitimidade das entidades e determinou o retorno do processo \u00e0 vara de origem. O Banco do Brasil recorreu ao Tribunal Superior do Trabalho (TST), mas a decis\u00e3o favor\u00e1vel do TRT10 foi mantida, transitando em julgado em dezembro de 2024.\u00a0<\/p>\n<h1>Decis\u00e3o favor\u00e1vel e impacto nos trabalhadores<\/h1>\n<p>Com o retorno do processo \u00e0 Vara do Trabalho, a Contraf-CUT protocolizou, em 12 de dezembro de 2024, um pedido para restabelecimento imediato da tutela antecipada. Hoje, a Ju\u00edza Ang\u00e9lica Gomes Rezende deferiu o pedido, garantindo:<\/p>\n<ul>\n<li>Manuten\u00e7\u00e3o e incorpora\u00e7\u00e3o das gratifica\u00e7\u00f5es\/comiss\u00f5es aos trabalhadores que as recebiam por mais de 10 anos;<\/li>\n<li>Reflexos salariais em repousos semanais remunerados (RSR), f\u00e9rias acrescidas de 1\/3, 13\u00ba sal\u00e1rio, horas-extras, anu\u00eanios, participa\u00e7\u00e3o nos lucros e resultados (PLR), FGTS e contribui\u00e7\u00f5es \u00e0 Previ;<\/li>\n<li>Multa de R$ 1.000,00 por dia, por empregado, em caso de descumprimento no prazo de 15 dias.<\/li>\n<\/ul>\n<p>Para a coordenadora da Comiss\u00e3o Nacional dos Funcion\u00e1rios do Banco do Brasil, Fernanda Lopes, \u201ca reestrutura\u00e7\u00e3o de 2016 teve um impacto muito grande nos funcion\u00e1rios do banco. Tentamos negocia\u00e7\u00e3o direta, chegamos a acionar o MPT e tamb\u00e9m sob sua media\u00e7\u00e3o tivemos sete audi\u00eancias de tentativa de negocia\u00e7\u00e3o. A \u00faltima alternativa foi judicializar. Insistimos e conseguimos.\u201d<\/p>\n<p>Renata Cabral, assessora jur\u00eddica da Contraf-CUT e s\u00f3cia do Crivelli Advogados, e que nesse processo tamb\u00e9m representa todas as federa\u00e7\u00f5es autoras, pontua que o banco tem 15 dias para cumprir a tutela antecipada e que esse prazo ter\u00e1 in\u00edcio ap\u00f3s o recesso do judici\u00e1rio, ou seja, a contar de 20 de janeiro.\u00a0<\/p>\n<h1>Pr\u00f3ximos passos<\/h1>\n<p>A pr\u00f3xima audi\u00eancia foi marcada para o dia 18 de fevereiro de 2025, \u00e0s 13h40, quando as partes poder\u00e3o ratificar suas defesas e r\u00e9plicas.<\/p>\n<p>Esta decis\u00e3o representa uma vit\u00f3ria hist\u00f3rica para os trabalhadores do Banco do Brasil, reafirmando o direito \u00e0 incorpora\u00e7\u00e3o das gratifica\u00e7\u00f5es nos termos da S\u00famula 372 do TST e fortalecendo a luta coletiva liderada pela Contraf-CUT e federa\u00e7\u00f5es.<\/p>\n<p><a href=\"https:\/\/forms.office.com\/r\/gCA0e1eX9E\">Leia o formul\u00e1rio que pode esclarecer se voc\u00ea tem direito \u00e0 incorpora\u00e7\u00e3o deferida na tutela<\/a><\/p>\n<p><b>Fonte: Contraf-CUT<\/b><\/p>\n","protected":false},"excerpt":{"rendered":"<p>Uma conquista importante para os trabalhadores do Banco do Brasil foi alcan\u00e7ada na quarta-feira (18). A Justi\u00e7a do Trabalho restabeleceu a tutela antecipada em a\u00e7\u00e3o movida pela Contraf-CUT e Federa\u00e7\u00f5es contra o banco, garantindo a incorpora\u00e7\u00e3o das gratifica\u00e7\u00f5es\/comiss\u00f5es aos funcion\u00e1rios atingidos pela reestrutura\u00e7\u00e3o de 2016 que j\u00e1 haviam recebido essas verbas por mais de 10 [&hellip;]<\/p>\n","protected":false},"author":2,"featured_media":16055,"comment_status":"","ping_status":"","sticky":false,"template":"","format":"standard","meta":{"footnotes":""},"categories":[3],"tags":[],"class_list":["post-16056","post","type-post","status-publish","format-standard","has-post-thumbnail","hentry","category-noticias"],"_links":{"self":[{"href":"https:\/\/hostnetart.com.br\/baixada\/wp-json\/wp\/v2\/posts\/16056","targetHints":{"allow":["GET"]}}],"collection":[{"href":"https:\/\/hostnetart.com.br\/baixada\/wp-json\/wp\/v2\/posts"}],"about":[{"href":"https:\/\/hostnetart.com.br\/baixada\/wp-json\/wp\/v2\/types\/post"}],"author":[{"embeddable":true,"href":"https:\/\/hostnetart.com.br\/baixada\/wp-json\/wp\/v2\/users\/2"}],"replies":[{"embeddable":true,"href":"https:\/\/hostnetart.com.br\/baixada\/wp-json\/wp\/v2\/comments?post=16056"}],"version-history":[{"count":0,"href":"https:\/\/hostnetart.com.br\/baixada\/wp-json\/wp\/v2\/posts\/16056\/revisions"}],"wp:featuredmedia":[{"embeddable":true,"href":"https:\/\/hostnetart.com.br\/baixada\/wp-json\/wp\/v2\/media\/16055"}],"wp:attachment":[{"href":"https:\/\/hostnetart.com.br\/baixada\/wp-json\/wp\/v2\/media?parent=16056"}],"wp:term":[{"taxonomy":"category","embeddable":true,"href":"https:\/\/hostnetart.com.br\/baixada\/wp-json\/wp\/v2\/categories?post=16056"},{"taxonomy":"post_tag","embeddable":true,"href":"https:\/\/hostnetart.com.br\/baixada\/wp-json\/wp\/v2\/tags?post=16056"}],"curies":[{"name":"wp","href":"https:\/\/api.w.org\/{rel}","templated":true}]}}