{"id":16054,"date":"2024-12-21T00:18:07","date_gmt":"2024-12-21T03:18:07","guid":{"rendered":"https:\/\/hostnetart.com.br\/baixada\/saiba-como-fica-o-funcionamento-dos-bancos-neste-final-de-ano\/"},"modified":"2024-12-21T00:18:07","modified_gmt":"2024-12-21T03:18:07","slug":"saiba-como-fica-o-funcionamento-dos-bancos-neste-final-de-ano","status":"publish","type":"post","link":"https:\/\/hostnetart.com.br\/baixada\/saiba-como-fica-o-funcionamento-dos-bancos-neste-final-de-ano\/","title":{"rendered":"Saiba como fica o funcionamento dos bancos neste final de ano"},"content":{"rendered":"<p>A Federa\u00e7\u00e3o Brasileira dos Bancos (Febraban) informou como ser\u00e1 o funcionamento dos bancos, durante as festas de final de ano.<\/p>\n<p>Nos dias 25\/12 (Natal) e 01\/01 (Confraterniza\u00e7\u00e3o Universal), feriados nacionais, n\u00e3o haver\u00e1 expediente banc\u00e1rio e os bancos n\u00e3o abrem para atendimento presencial ao p\u00fablico.<\/p>\n<p>As compensa\u00e7\u00f5es banc\u00e1rias n\u00e3o ser\u00e3o efetivadas nessas datas, incluindo TED.<\/p>\n<p><strong>PS<\/strong>: o PIX poder\u00e1 ser feito normalmente.<\/p>\n<p>No dia 24\/12 (v\u00e9spera de Natal), o atendimento nos bancos ser\u00e1 em hor\u00e1rio reduzido: das 9h \u00e0s 11h.<\/p>\n<p>O \u00faltimo dia \u00fatil do ano para atendimento presencial nos bancos ser\u00e1 no dia 30\/12 (segunda-feira). No dia 31\/12 (ter\u00e7a-feira) tamb\u00e9m n\u00e3o h\u00e1 expediente banc\u00e1rio e as compensa\u00e7\u00f5es banc\u00e1rias n\u00e3o ser\u00e3o efetivadas.<\/p>\n<p>J\u00e1 nos dias 26\/12 e 02\/01 (quinta-feira), os bancos voltam a funcionar normalmente para atendimento presencial.<\/p>\n<h2><strong>Servi\u00e7o:<\/strong><\/h2>\n<ul>\n<li>24\/12: Hor\u00e1rio reduzido de atendimento ao p\u00fablico, das 9h \u00e0s 11h<\/li>\n<li>25\/12: Natal (feriado nacional). N\u00e3o haver\u00e1 expediente banc\u00e1rio<\/li>\n<li>26\/12: Funcionamento normal<\/li>\n<li>27\/12: Funcionamento normal<\/li>\n<li>30\/12: Funcionamento normal<\/li>\n<li>31\/12: N\u00e3o haver\u00e1 expediente banc\u00e1rio<\/li>\n<li>01\/01: Confraterniza\u00e7\u00e3o Universal (feriado nacional). N\u00e3o haver\u00e1 expediente banc\u00e1rio<\/li>\n<li>02\/01: Funcionamento normal<\/li>\n<\/ul>\n","protected":false},"excerpt":{"rendered":"<p>A Federa\u00e7\u00e3o Brasileira dos Bancos (Febraban) informou como ser\u00e1 o funcionamento dos bancos, durante as festas de final de ano. Nos dias 25\/12 (Natal) e 01\/01 (Confraterniza\u00e7\u00e3o Universal), feriados nacionais, n\u00e3o haver\u00e1 expediente banc\u00e1rio e os bancos n\u00e3o abrem para atendimento presencial ao p\u00fablico. As compensa\u00e7\u00f5es banc\u00e1rias n\u00e3o ser\u00e3o efetivadas nessas datas, incluindo TED. PS: [&hellip;]<\/p>\n","protected":false},"author":2,"featured_media":16053,"comment_status":"","ping_status":"","sticky":false,"template":"","format":"standard","meta":{"footnotes":""},"categories":[3],"tags":[],"class_list":["post-16054","post","type-post","status-publish","format-standard","has-post-thumbnail","hentry","category-noticias"],"_links":{"self":[{"href":"https:\/\/hostnetart.com.br\/baixada\/wp-json\/wp\/v2\/posts\/16054","targetHints":{"allow":["GET"]}}],"collection":[{"href":"https:\/\/hostnetart.com.br\/baixada\/wp-json\/wp\/v2\/posts"}],"about":[{"href":"https:\/\/hostnetart.com.br\/baixada\/wp-json\/wp\/v2\/types\/post"}],"author":[{"embeddable":true,"href":"https:\/\/hostnetart.com.br\/baixada\/wp-json\/wp\/v2\/users\/2"}],"replies":[{"embeddable":true,"href":"https:\/\/hostnetart.com.br\/baixada\/wp-json\/wp\/v2\/comments?post=16054"}],"version-history":[{"count":0,"href":"https:\/\/hostnetart.com.br\/baixada\/wp-json\/wp\/v2\/posts\/16054\/revisions"}],"wp:featuredmedia":[{"embeddable":true,"href":"https:\/\/hostnetart.com.br\/baixada\/wp-json\/wp\/v2\/media\/16053"}],"wp:attachment":[{"href":"https:\/\/hostnetart.com.br\/baixada\/wp-json\/wp\/v2\/media?parent=16054"}],"wp:term":[{"taxonomy":"category","embeddable":true,"href":"https:\/\/hostnetart.com.br\/baixada\/wp-json\/wp\/v2\/categories?post=16054"},{"taxonomy":"post_tag","embeddable":true,"href":"https:\/\/hostnetart.com.br\/baixada\/wp-json\/wp\/v2\/tags?post=16054"}],"curies":[{"name":"wp","href":"https:\/\/api.w.org\/{rel}","templated":true}]}}