{"id":1605,"date":"2014-08-04T00:00:00","date_gmt":"2014-08-04T03:00:00","guid":{"rendered":"https:\/\/hostnetart.com.br\/baixada\/terceira-rodada-de-negociacao-especifica-com-a-caixa-ocorre-no-dia-8\/"},"modified":"2014-08-04T00:00:00","modified_gmt":"2014-08-04T03:00:00","slug":"terceira-rodada-de-negociacao-especifica-com-a-caixa-ocorre-no-dia-8","status":"publish","type":"post","link":"https:\/\/hostnetart.com.br\/baixada\/terceira-rodada-de-negociacao-especifica-com-a-caixa-ocorre-no-dia-8\/","title":{"rendered":"Terceira rodada de negocia\u00e7\u00e3o espec\u00edfica com a Caixa ocorre no dia 8"},"content":{"rendered":"<p>Acontece na pr\u00f3xima segunda-feira, dia 8, \u00e0s 14h, em Bras\u00edlia, a terceira rodada de negocia\u00e7\u00f5es espec\u00edficas da Campanha Nacional 2014, entre o Comando Nacional dos Banc\u00e1rios, coordenado pela Contraf-CUT, e a Caixa Econ\u00f4mica Federal. Na pauta estar\u00e3o os temas condi\u00e7\u00f5es de trabalho, contrata\u00e7\u00e3o, seguran\u00e7a banc\u00e1ria e terceiriza\u00e7\u00e3o.<\/p>\n<p>Ser\u00e3o negociados itens como contrata\u00e7\u00e3o de novos empregados para suprir as necessidades reais de funcionamento das unidades, chegando ao quantitativo m\u00ednimo de 130 mil empregados at\u00e9 o fim de 2014. Tamb\u00e9m ser\u00e1 exigida da Caixa a apresenta\u00e7\u00e3o da metodologia utilizada para defini\u00e7\u00e3o de n\u00famero para a contrata\u00e7\u00e3o de empregados, al\u00e9m de mais empregados por setor.<\/p>\n<p>Outras reivindica\u00e7\u00f5es s\u00e3o a abertura de novas unidades apenas com estrutura f\u00edsica de seguran\u00e7a e ergonomia necess\u00e1rias para o atendimento adequado da popula\u00e7\u00e3o, a eleva\u00e7\u00e3o do valor da indeniza\u00e7\u00e3o por assalto\/sequestro para o equivalente a 100 sal\u00e1rios m\u00ednimos calculados pelo Dieese, a universaliza\u00e7\u00e3o dos servi\u00e7os banc\u00e1rios, com abertura de novas ag\u00eancias e contrata\u00e7\u00e3o de pessoal, e o fim da parceria da Caixa com os correspondentes banc\u00e1rios e habitacionais, entre outras quest\u00f5es.<\/p>\n<p><strong>Avalia\u00e7\u00e3o<\/strong><\/p>\n<p>At\u00e9 agora, no entanto, ocorreram duas rodadas de negocia\u00e7\u00f5es espec\u00edficas da Campanha 2014, mas a Caixa sequer apresentou uma proposta global para as reivindica\u00e7\u00f5es de seus trabalhadores.<\/p>\n<p>Na rodada do \u00faltimo dia 29 de agosto, por exemplo, foram negados itens sobre Funcef, aposentados e isonomia. Houve ainda a recusa para a maioria das demandas de sa\u00fade do trabalhador e Sa\u00fade Caixa, durante debate ocorrido na primeira reuni\u00e3o, no dia 21 de agosto.<\/p>\n<p>A hora, portanto, \u00e9 de ampliar a mobiliza\u00e7\u00e3o. Para Fabiana Matheus, coordenadora da Comiss\u00e3o de Organiza\u00e7\u00e3o dos Empregados (CEE\/Caixa), que assessora a Comando nas negocia\u00e7\u00f5es com o banco, a mobiliza\u00e7\u00e3o \u00e9 o caminho mais adequado para for\u00e7ar a dire\u00e7\u00e3o da empresa a avan\u00e7ar nas negocia\u00e7\u00f5es espec\u00edficas.<\/p>\n<p>Ela, que \u00e9 tamb\u00e9m diretora da Fenae, convoca todos os trabalhadores da Caixa a participarem das atividades da Campanha 2014. Queremos mais!<\/p>\n<p>Fonte: Contraf-CUT com Fenae<\/p>\n","protected":false},"excerpt":{"rendered":"<p>Acontece na pr\u00f3xima segunda-feira, dia 8, \u00e0s 14h, em Bras\u00edlia, a terceira rodada de negocia\u00e7\u00f5es espec\u00edficas da Campanha Nacional 2014, entre o Comando Nacional dos Banc\u00e1rios, coordenado pela Contraf-CUT, e a Caixa Econ\u00f4mica Federal. Na pauta estar\u00e3o os temas condi\u00e7\u00f5es de trabalho, contrata\u00e7\u00e3o, seguran\u00e7a banc\u00e1ria e terceiriza\u00e7\u00e3o. Ser\u00e3o negociados itens como contrata\u00e7\u00e3o de novos empregados [&hellip;]<\/p>\n","protected":false},"author":1,"featured_media":0,"comment_status":"","ping_status":"","sticky":false,"template":"","format":"standard","meta":{"footnotes":""},"categories":[3],"tags":[],"class_list":["post-1605","post","type-post","status-publish","format-standard","hentry","category-noticias"],"_links":{"self":[{"href":"https:\/\/hostnetart.com.br\/baixada\/wp-json\/wp\/v2\/posts\/1605","targetHints":{"allow":["GET"]}}],"collection":[{"href":"https:\/\/hostnetart.com.br\/baixada\/wp-json\/wp\/v2\/posts"}],"about":[{"href":"https:\/\/hostnetart.com.br\/baixada\/wp-json\/wp\/v2\/types\/post"}],"author":[{"embeddable":true,"href":"https:\/\/hostnetart.com.br\/baixada\/wp-json\/wp\/v2\/users\/1"}],"replies":[{"embeddable":true,"href":"https:\/\/hostnetart.com.br\/baixada\/wp-json\/wp\/v2\/comments?post=1605"}],"version-history":[{"count":0,"href":"https:\/\/hostnetart.com.br\/baixada\/wp-json\/wp\/v2\/posts\/1605\/revisions"}],"wp:attachment":[{"href":"https:\/\/hostnetart.com.br\/baixada\/wp-json\/wp\/v2\/media?parent=1605"}],"wp:term":[{"taxonomy":"category","embeddable":true,"href":"https:\/\/hostnetart.com.br\/baixada\/wp-json\/wp\/v2\/categories?post=1605"},{"taxonomy":"post_tag","embeddable":true,"href":"https:\/\/hostnetart.com.br\/baixada\/wp-json\/wp\/v2\/tags?post=1605"}],"curies":[{"name":"wp","href":"https:\/\/api.w.org\/{rel}","templated":true}]}}