{"id":16048,"date":"2024-12-19T21:02:42","date_gmt":"2024-12-20T00:02:42","guid":{"rendered":"https:\/\/hostnetart.com.br\/baixada\/coe-santander-critica-retirada-de-ponto-eletronico-de-gerentes-e-especialistas-e1\/"},"modified":"2024-12-19T21:02:42","modified_gmt":"2024-12-20T00:02:42","slug":"coe-santander-critica-retirada-de-ponto-eletronico-de-gerentes-e-especialistas-e1","status":"publish","type":"post","link":"https:\/\/hostnetart.com.br\/baixada\/coe-santander-critica-retirada-de-ponto-eletronico-de-gerentes-e-especialistas-e1\/","title":{"rendered":"COE Santander critica retirada de ponto eletr\u00f4nico de gerentes e especialistas E1"},"content":{"rendered":"<\/p>\n<p>A Comiss\u00e3o de Organiza\u00e7\u00e3o dos Empregados (COE) do Santander se reuniu com a dire\u00e7\u00e3o do banco na manh\u00e3 desta quinta-feira (19) para debater a decis\u00e3o unilateral da institui\u00e7\u00e3o de retirar o ponto eletr\u00f4nico dos gerentes e especialistas E1. O banco justificou a medida afirmando que era um desejo dos pr\u00f3prios trabalhadores, que buscavam maior flexibiliza\u00e7\u00e3o da jornada e relataram dificuldades na marca\u00e7\u00e3o do ponto eletr\u00f4nico.<\/p>\n<p>Os dirigentes sindicais afirmaram que as alega\u00e7\u00f5es do banco s\u00e3o infundadas. Segundo a COE, o ponto eletr\u00f4nico existente j\u00e1 oferece flexibilidade suficiente para que os trabalhadores realizem suas atividades externas sem prejudicar os direitos \u00e0 desconex\u00e3o. Al\u00e9m disso, os trabalhadores est\u00e3o submetidos ao banco de horas, que permite a compensa\u00e7\u00e3o de jornadas, demonstrando que n\u00e3o h\u00e1 impedimentos operacionais para a manuten\u00e7\u00e3o do sistema atual.<\/p>\n<h1>Banco ignora impactos aos trabalhadores<\/h1>\n<p>Os sindicalistas destacaram que a retirada do ponto eletr\u00f4nico beneficia exclusivamente o banco, ao eliminar o controle da jornada. Para agravar a situa\u00e7\u00e3o, o Santander n\u00e3o possui travas que impe\u00e7am os trabalhadores de acessar o sistema fora do hor\u00e1rio comercial, o que os exp\u00f5e a pr\u00e1ticas abusivas. \u201cOs trabalhadores s\u00e3o impelidos a se conectar e trabalhar mesmo fora da jornada, sem qualquer prote\u00e7\u00e3o para o direito \u00e0 desconex\u00e3o. Essa situa\u00e7\u00e3o \u00e9 inadmiss\u00edvel\u201d, afirmou a coordenadora da COE, Wanessa Queiroz.<\/p>\n<p>Durante a reuni\u00e3o, os membros da COE propuseram que fosse realizada uma consulta ampla aos trabalhadores para verificar se a mudan\u00e7a realmente era de interesse da categoria. No entanto, a sugest\u00e3o foi prontamente descartada pelo banco. Outra alternativa apresentada foi a implementa\u00e7\u00e3o de travas no sistema, para minimizar o risco de extrapola\u00e7\u00e3o da jornada. O Santander ficou de analisar esta possibilidade.<\/p>\n<h1>Mudan\u00e7as contratuais e preocupa\u00e7\u00f5es com fraudes<\/h1>\n<p>Os representantes da COE tamb\u00e9m questionaram o Santander sobre poss\u00edveis mudan\u00e7as nos contratos de trabalho dos gerentes e especialistas E1, como pejotiza\u00e7\u00e3o ou transfer\u00eancia para empresas coligadas. O banco negou qualquer inten\u00e7\u00e3o de alterar o modelo de contrata\u00e7\u00e3o atual.<\/p>\n<p>Ainda assim, os sindicalistas alertaram que a preocupa\u00e7\u00e3o dos trabalhadores e dirigentes sindicais \u00e9 fundamentada. \u201cTemos observado altera\u00e7\u00f5es fraudulentas nos contratos de trabalho, pr\u00e1tica que vem sendo amplamente utilizada pelo banco e \u00e9 repudiada pelos sindicatos em todo o pa\u00eds. Continuaremos atentos para combater qualquer tentativa de precariza\u00e7\u00e3o\u201d, ressaltaram os representantes da COE.<\/p>\n<h1>Movimento sindical mobilizado<\/h1>\n<p>A COE reiterou que seguir\u00e1 cobrando a manuten\u00e7\u00e3o do ponto eletr\u00f4nico e o respeito aos direitos dos trabalhadores. As partes voltam a se reunir na pr\u00f3xima segunda-feira (23), \u00e0s 11h, para debater outros pontos. O movimento sindical refor\u00e7ou seu compromisso com a defesa de condi\u00e7\u00f5es dignas de trabalho e a prote\u00e7\u00e3o dos direitos da categoria.<\/p>\n<p><strong>Fonte: Contraf-CUT<\/strong><\/p>\n","protected":false},"excerpt":{"rendered":"<p>A Comiss\u00e3o de Organiza\u00e7\u00e3o dos Empregados (COE) do Santander se reuniu com a dire\u00e7\u00e3o do banco na manh\u00e3 desta quinta-feira (19) para debater a decis\u00e3o unilateral da institui\u00e7\u00e3o de retirar o ponto eletr\u00f4nico dos gerentes e especialistas E1. O banco justificou a medida afirmando que era um desejo dos pr\u00f3prios trabalhadores, que buscavam maior flexibiliza\u00e7\u00e3o [&hellip;]<\/p>\n","protected":false},"author":2,"featured_media":16047,"comment_status":"","ping_status":"","sticky":false,"template":"","format":"standard","meta":{"footnotes":""},"categories":[3],"tags":[],"class_list":["post-16048","post","type-post","status-publish","format-standard","has-post-thumbnail","hentry","category-noticias"],"_links":{"self":[{"href":"https:\/\/hostnetart.com.br\/baixada\/wp-json\/wp\/v2\/posts\/16048","targetHints":{"allow":["GET"]}}],"collection":[{"href":"https:\/\/hostnetart.com.br\/baixada\/wp-json\/wp\/v2\/posts"}],"about":[{"href":"https:\/\/hostnetart.com.br\/baixada\/wp-json\/wp\/v2\/types\/post"}],"author":[{"embeddable":true,"href":"https:\/\/hostnetart.com.br\/baixada\/wp-json\/wp\/v2\/users\/2"}],"replies":[{"embeddable":true,"href":"https:\/\/hostnetart.com.br\/baixada\/wp-json\/wp\/v2\/comments?post=16048"}],"version-history":[{"count":0,"href":"https:\/\/hostnetart.com.br\/baixada\/wp-json\/wp\/v2\/posts\/16048\/revisions"}],"wp:featuredmedia":[{"embeddable":true,"href":"https:\/\/hostnetart.com.br\/baixada\/wp-json\/wp\/v2\/media\/16047"}],"wp:attachment":[{"href":"https:\/\/hostnetart.com.br\/baixada\/wp-json\/wp\/v2\/media?parent=16048"}],"wp:term":[{"taxonomy":"category","embeddable":true,"href":"https:\/\/hostnetart.com.br\/baixada\/wp-json\/wp\/v2\/categories?post=16048"},{"taxonomy":"post_tag","embeddable":true,"href":"https:\/\/hostnetart.com.br\/baixada\/wp-json\/wp\/v2\/tags?post=16048"}],"curies":[{"name":"wp","href":"https:\/\/api.w.org\/{rel}","templated":true}]}}