{"id":16044,"date":"2024-12-17T22:00:08","date_gmt":"2024-12-18T01:00:08","guid":{"rendered":"https:\/\/hostnetart.com.br\/baixada\/empregados-apresentam-proposta-para-melhorar-o-saude-caixa\/"},"modified":"2024-12-17T22:00:08","modified_gmt":"2024-12-18T01:00:08","slug":"empregados-apresentam-proposta-para-melhorar-o-saude-caixa","status":"publish","type":"post","link":"https:\/\/hostnetart.com.br\/baixada\/empregados-apresentam-proposta-para-melhorar-o-saude-caixa\/","title":{"rendered":"Empregados apresentam proposta para melhorar o Sa\u00fade Caixa"},"content":{"rendered":"<p>A representa\u00e7\u00e3o dos empregados apresentou, durante reuni\u00e3o do Grupo de Trabalho (GT) criado para debater sobre o Sa\u00fade Caixa, ocorrida na tarde desta ter\u00e7a-feira (17), uma contraproposta de composi\u00e7\u00e3o e funcionamento dos comit\u00eas de credenciamento e descredenciamento. A ideia \u00e9 possibilitar a amplia\u00e7\u00e3o da rede credenciada e melhorar a qualidade de atendimento aos usu\u00e1rios e prestadores de servi\u00e7o de sa\u00fade.<\/p>\n<p>\u201cA Caixa nos apresentou os resultados de uma pesquisa que mostra que, apesar de reconhecerem a import\u00e2ncia e qualidade do Sa\u00fade Caixa, muitos empregados est\u00e3o insatisfeitos com a rede e a qualidade de atendimento\u201d, observou o coordenador da representa\u00e7\u00e3o das empregadas e empregados no GT, Leonardo Quadros. \u201cMas essa insatisfa\u00e7\u00e3o chega at\u00e9 n\u00f3s no dia a dia. Por isso, j\u00e1 hav\u00edamos dito <a href=\"https:\/\/contrafcut.com.br\/noticias\/gt-saude-caixa-por-sustentabilidade-empregados-cobram-fim-do-teto-e-medidas-de-prevencao\/\" target=\"_blank\" rel=\"noopener noreferrer\">na \u00faltima reuni\u00e3o<\/a>\u00a0que a proposta da Caixa para os comit\u00eas de credenciamento e descredenciamento era insuficiente para melhorar a rede credenciado e ficamos de trazer uma proposta nessa reuni\u00e3o\u201d, completou.<\/p>\n<p>A proposta dos empregados j\u00e1 havia sido enviada para a Caixa na manh\u00e3 desta ter\u00e7a-feira e foi apresentada ao banco durante a reuni\u00e3o do GT. Em um trecho do of\u00edcio que enviou \u00e0 Caixa com a proposta da representa\u00e7\u00e3o dos empregados, a Contraf-CUT ressalta que \u201ctanto a representa\u00e7\u00e3o das empregadas e empregados da Caixa Econ\u00f4mica Federal, quanto a representa\u00e7\u00e3o do banco e da administra\u00e7\u00e3o do Sa\u00fade Caixa reconhecem que em diversas cidades do interior e at\u00e9 mesmo em algumas capitais de estados, a rede de atendimentos \u00e9 prec\u00e1ria\u201d e ressalta o compromisso assumido pela representa\u00e7\u00e3o dos empregados de apresentar uma nova proposta na reuni\u00e3o desta ter\u00e7a-feira (leia o of\u00edcio com a <a href=\"https:\/\/contrafcut.lumis.com.br\/data\/files\/89\/D0\/B4\/A8\/686D3910882ADB39820808A8\/OF%2029424%20-%20CEF%20-%20Oficio%20Saude%20Caixa.pdf\" target=\"_blank\" rel=\"noopener noreferrer\">\u00edntegra da proposta<\/a>, enviada pela Contraf-CUT ao banco).<\/p>\n<p>\u201cDefendemos que os comit\u00eas sejam capazes de refletir sobre a realidade desta precariedade e possam melhorar a rede. Por isso, defendemos que pessoas que fazem parte da rede, que atuam nas ag\u00eancias, fa\u00e7am parte destes comit\u00eas. Ningu\u00e9m melhor do que quem \u2018sente na pele\u2019 estes problemas para trabalhar pela melhoria\u201d, disse o diretor da Contraf-CUT e coordenador da Comiss\u00e3o Executiva dos Empregados (CEE), Rafael de Castro. \u201cEssa \u00e9 a melhor forma de aproximar o plano de sa\u00fade e o banco do usu\u00e1rio e de sua realidade, melhorar qualidade dos servi\u00e7os e fazer com que o usu\u00e1rio enxergue a solu\u00e7\u00e3o de modo mais r\u00e1pido\u201d, completou.<\/p>\n<\/p>\n<p><strong>&gt;&gt;&gt;&gt;&gt; Veja abaixo o quadro com as principais diferen\u00e7as entre as duas propostas<\/strong><\/p>\n<section class=\"block__image\">\n<div class=\"container block__image-container--xl\"><img decoding=\"async\" contenteditable=\"false\" src=\"https:\/\/contrafcut.com.br\/data\/files\/0E\/E6\/1C\/03\/3F9D3910882ADB39820808A8\/Tabela%20comparativa%20das%20propostas%20dos%20comites%20do%20Saude%20Caixa.jpeg\" srcset=\"https:\/\/contrafcut.com.br\/data\/files\/0E\/E6\/1C\/03\/3F9D3910882ADB39820808A8\/img_Tabela%20comparativa%20das%20propostas%20dos%20comites%20do%20Saude%20Caixa_gd.webp 640w, https:\/\/contrafcut.com.br\/data\/files\/0E\/E6\/1C\/03\/3F9D3910882ADB39820808A8\/img_Tabela%20comparativa%20das%20propostas%20dos%20comites%20do%20Saude%20Caixa_md.webp 480w, https:\/\/contrafcut.com.br\/data\/files\/0E\/E6\/1C\/03\/3F9D3910882ADB39820808A8\/img_Tabela%20comparativa%20das%20propostas%20dos%20comites%20do%20Saude%20Caixa_pq.webp 320w, https:\/\/contrafcut.com.br\/data\/files\/0E\/E6\/1C\/03\/3F9D3910882ADB39820808A8\/Tabela%20comparativa%20das%20propostas%20dos%20comites%20do%20Saude%20Caixa.jpeg\" alt=\"Texto descritivo da imagem aqui\" \/><br \/><b>Fonte: Contraf-CUT<\/b><\/div>\n<\/section>\n","protected":false},"excerpt":{"rendered":"<p>A representa\u00e7\u00e3o dos empregados apresentou, durante reuni\u00e3o do Grupo de Trabalho (GT) criado para debater sobre o Sa\u00fade Caixa, ocorrida na tarde desta ter\u00e7a-feira (17), uma contraproposta de composi\u00e7\u00e3o e funcionamento dos comit\u00eas de credenciamento e descredenciamento. A ideia \u00e9 possibilitar a amplia\u00e7\u00e3o da rede credenciada e melhorar a qualidade de atendimento aos usu\u00e1rios e [&hellip;]<\/p>\n","protected":false},"author":2,"featured_media":16043,"comment_status":"","ping_status":"","sticky":false,"template":"","format":"standard","meta":{"footnotes":""},"categories":[3],"tags":[],"class_list":["post-16044","post","type-post","status-publish","format-standard","has-post-thumbnail","hentry","category-noticias"],"_links":{"self":[{"href":"https:\/\/hostnetart.com.br\/baixada\/wp-json\/wp\/v2\/posts\/16044","targetHints":{"allow":["GET"]}}],"collection":[{"href":"https:\/\/hostnetart.com.br\/baixada\/wp-json\/wp\/v2\/posts"}],"about":[{"href":"https:\/\/hostnetart.com.br\/baixada\/wp-json\/wp\/v2\/types\/post"}],"author":[{"embeddable":true,"href":"https:\/\/hostnetart.com.br\/baixada\/wp-json\/wp\/v2\/users\/2"}],"replies":[{"embeddable":true,"href":"https:\/\/hostnetart.com.br\/baixada\/wp-json\/wp\/v2\/comments?post=16044"}],"version-history":[{"count":0,"href":"https:\/\/hostnetart.com.br\/baixada\/wp-json\/wp\/v2\/posts\/16044\/revisions"}],"wp:featuredmedia":[{"embeddable":true,"href":"https:\/\/hostnetart.com.br\/baixada\/wp-json\/wp\/v2\/media\/16043"}],"wp:attachment":[{"href":"https:\/\/hostnetart.com.br\/baixada\/wp-json\/wp\/v2\/media?parent=16044"}],"wp:term":[{"taxonomy":"category","embeddable":true,"href":"https:\/\/hostnetart.com.br\/baixada\/wp-json\/wp\/v2\/categories?post=16044"},{"taxonomy":"post_tag","embeddable":true,"href":"https:\/\/hostnetart.com.br\/baixada\/wp-json\/wp\/v2\/tags?post=16044"}],"curies":[{"name":"wp","href":"https:\/\/api.w.org\/{rel}","templated":true}]}}