{"id":16042,"date":"2024-12-17T18:38:39","date_gmt":"2024-12-17T21:38:39","guid":{"rendered":"https:\/\/hostnetart.com.br\/baixada\/sindicato-dos-bancarios-da-baixada-fluminense-reintegra-mais-um-bancario-nesta-terca-17-12\/"},"modified":"2024-12-17T18:38:39","modified_gmt":"2024-12-17T21:38:39","slug":"sindicato-dos-bancarios-da-baixada-fluminense-reintegra-mais-um-bancario-nesta-terca-17-12","status":"publish","type":"post","link":"https:\/\/hostnetart.com.br\/baixada\/sindicato-dos-bancarios-da-baixada-fluminense-reintegra-mais-um-bancario-nesta-terca-17-12\/","title":{"rendered":"Sindicato dos Banc\u00e1rios da Baixada Fluminense reintegra mais um banc\u00e1rio nesta ter\u00e7a (17\/12)"},"content":{"rendered":"<p>Outra reintegra\u00e7\u00e3o nesta ter\u00e7a-feira!<\/p>\n<p>Reafirmando seu compromisso com os trabalhadores banc\u00e1rios da regi\u00e3o, o Sindicato dos Banc\u00e1rios da Baixada Fluminense reintegrou mais um funcion\u00e1rio do Banco Ita\u00fa, nesta ter\u00e7a-feira, 17 de dezembro.<\/p>\n<p>Ricardo Rega\u00e7o de Mello foi demitido sendo portador de doen\u00e7a ocupacional.<\/p>\n<p>O banc\u00e1rio havia sido demitido em mar\u00e7o de 2021, sendo reintegrado no mesmo ano. Foi desligado, novamente, em mar\u00e7o de 2023, e reintegrado tamb\u00e9m no mesmo ano. Mesmo com a liminar vigente, o Ita\u00fa operou uma nova demiss\u00e3o, em dezembro de 2024, com o juiz mandando reintegrar poucos dias ap\u00f3s esta injusti\u00e7a, com todos os direitos do trabalhador sendo mantidos.<\/p>\n<p>Ricardo \u00e9 sindicalizado e teve, desde o in\u00edcio de todo este processo, suporte e atendimento do Departamento Jur\u00eddico do Sindicato, atrav\u00e9s do advogado Luiz Paulo, do Escrit\u00f3rio Baptista &amp; Reis Advogados Associados, e pelo Departamento de Sa\u00fade.<\/p>\n<p><strong>IMPORTANTE<\/strong><\/p>\n<p>\u00c9 fundamental que banc\u00e1rias e banc\u00e1rios, logo que sejam informados de suas demiss\u00f5es, procurem imediatamente atendimento no Sindicato.<\/p>\n<p><b>ATENDIMENTO JUR\u00cdDICO PRESENCIAL<\/b><\/p>\n<p>Nova Igua\u00e7u\u00a0&#8211; \u00e0s\u00a0<em><strong>ter\u00e7as-feiras<\/strong><\/em>, das 11 horas\u00a0<span dir=\"ltr\">\u00e0 13 horas\u00a0<\/span>e das 14 horas \u00e0s 17 horas (telefone:\u00a0<span dir=\"ltr\"><a href=\"tel:21 \/ 2658-8041\">21 \/ 2658-8041<\/a><\/span>)<\/p>\n<p>Duque de Caxias\u00a0&#8211; \u00e0s\u00a0<strong><em>quintas-feiras<\/em><\/strong>, das 10 horas \u00e0s 13 horas (telefone:\u00a0<span dir=\"ltr\"><a href=\"tel:21 \/ 26710-110\">21 \/ 26710-110<\/a><\/span>)<\/p>\n<p><b>SINDICALIZE-SE!<\/b><\/p>\n","protected":false},"excerpt":{"rendered":"<p>Outra reintegra\u00e7\u00e3o nesta ter\u00e7a-feira! Reafirmando seu compromisso com os trabalhadores banc\u00e1rios da regi\u00e3o, o Sindicato dos Banc\u00e1rios da Baixada Fluminense reintegrou mais um funcion\u00e1rio do Banco Ita\u00fa, nesta ter\u00e7a-feira, 17 de dezembro. Ricardo Rega\u00e7o de Mello foi demitido sendo portador de doen\u00e7a ocupacional. O banc\u00e1rio havia sido demitido em mar\u00e7o de 2021, sendo reintegrado no [&hellip;]<\/p>\n","protected":false},"author":2,"featured_media":16041,"comment_status":"","ping_status":"","sticky":false,"template":"","format":"standard","meta":{"footnotes":""},"categories":[3],"tags":[],"class_list":["post-16042","post","type-post","status-publish","format-standard","has-post-thumbnail","hentry","category-noticias"],"_links":{"self":[{"href":"https:\/\/hostnetart.com.br\/baixada\/wp-json\/wp\/v2\/posts\/16042","targetHints":{"allow":["GET"]}}],"collection":[{"href":"https:\/\/hostnetart.com.br\/baixada\/wp-json\/wp\/v2\/posts"}],"about":[{"href":"https:\/\/hostnetart.com.br\/baixada\/wp-json\/wp\/v2\/types\/post"}],"author":[{"embeddable":true,"href":"https:\/\/hostnetart.com.br\/baixada\/wp-json\/wp\/v2\/users\/2"}],"replies":[{"embeddable":true,"href":"https:\/\/hostnetart.com.br\/baixada\/wp-json\/wp\/v2\/comments?post=16042"}],"version-history":[{"count":0,"href":"https:\/\/hostnetart.com.br\/baixada\/wp-json\/wp\/v2\/posts\/16042\/revisions"}],"wp:featuredmedia":[{"embeddable":true,"href":"https:\/\/hostnetart.com.br\/baixada\/wp-json\/wp\/v2\/media\/16041"}],"wp:attachment":[{"href":"https:\/\/hostnetart.com.br\/baixada\/wp-json\/wp\/v2\/media?parent=16042"}],"wp:term":[{"taxonomy":"category","embeddable":true,"href":"https:\/\/hostnetart.com.br\/baixada\/wp-json\/wp\/v2\/categories?post=16042"},{"taxonomy":"post_tag","embeddable":true,"href":"https:\/\/hostnetart.com.br\/baixada\/wp-json\/wp\/v2\/tags?post=16042"}],"curies":[{"name":"wp","href":"https:\/\/api.w.org\/{rel}","templated":true}]}}