{"id":16040,"date":"2024-12-17T18:36:47","date_gmt":"2024-12-17T21:36:47","guid":{"rendered":"https:\/\/hostnetart.com.br\/baixada\/campanha-nacional-2024-banco-do-brasil-reajusta-funcoes-em-mais-de-20\/"},"modified":"2024-12-17T18:36:47","modified_gmt":"2024-12-17T21:36:47","slug":"campanha-nacional-2024-banco-do-brasil-reajusta-funcoes-em-mais-de-20","status":"publish","type":"post","link":"https:\/\/hostnetart.com.br\/baixada\/campanha-nacional-2024-banco-do-brasil-reajusta-funcoes-em-mais-de-20\/","title":{"rendered":"Campanha Nacional 2024: Banco do Brasil reajusta fun\u00e7\u00f5es em mais de 20%"},"content":{"rendered":"<\/p>\n<section class=\"page-wrapper\">\n<div class=\"page-wrapper__container container\">\n<article class=\"article-content\">\n<section class=\"news-details\">\n<div class=\"news-details__body\">\n<div class=\"news-details__main-content\">\n<div class=\"news-details__main-text visible\">\n<p>O Banco do Brasil anunciou o ajuste e a cria\u00e7\u00f5es de novas de fun\u00e7\u00f5es a partir de janeiro, conquista da Campanha Nacional dos Banc\u00e1rios 2024. A coordenadora da Comiss\u00e3o Nacional dos Funcion\u00e1rios do Banco do Brasil, Fernanda Lopes, conta que ao todo s\u00e3o cinco mudan\u00e7as para mais de 15 mil pessoas. \u201cEssas atualiza\u00e7\u00f5es demonstram a for\u00e7a da organiza\u00e7\u00e3o e mobiliza\u00e7\u00e3o dos banc\u00e1rios na Campanha Nacional 2024. Os avan\u00e7os conquistados valorizam os funcion\u00e1rios e visam melhores condi\u00e7\u00f5es de trabalho.\u201d<\/p>\n<p>O Secret\u00e1rio-geral da Contraf-CUT, Gustavo Tabatinga, diz saber que \u201cmuitos banc\u00e1rios n\u00e3o entenderam a proposta durante a campanha, mas sempre afirmamos que a mudan\u00e7a para as fun\u00e7\u00f5es iniciais da rede de ag\u00eancia teria incremento de mais de 20%, sendo uma solu\u00e7\u00e3o para os companheiros e companheiras que atuam nos caixas, agora com o an\u00fancio dos valores e quantidades de vagas, os colegas sabem que o resultado geral da campanha foi muito superior ao reajuste da CCT (Conven\u00e7\u00e3o Coletiva de Trabalho).\u201d<br \/>Rodrigo Britto, presidente e representante da Fetec-CUT\/CN na CEBB, refor\u00e7a que &#8220;al\u00e9m do aumento do poder de compras para os 15 mil colegas do banco contemplados com essa conquista de nosso Acordo Coletivo, tamb\u00e9m foi assegurada a incorpora\u00e7\u00e3o da gratifica\u00e7\u00e3o de Caixa Executivo para aqueles funcion\u00e1rios e funcion\u00e1rias que tinham 10 anos de exerc\u00edcio em novembro de 2017.&#8221;<\/p>\n<h1>Vejam como ficam as mudan\u00e7as:<\/h1>\n<p><strong>Assistente de Atendimento e Neg\u00f3cios<\/strong><br \/>Substituindo a fun\u00e7\u00e3o de Assistente de Neg\u00f3cios, a nova posi\u00e7\u00e3o de Assistente de Atendimento e Neg\u00f3cios com jornada de 6 horas di\u00e1rias e valor 22,6% maior que a anterior. O novo VR do Assistente beneficiar\u00e1 mais de 9,3 mil trabalhadores, sendo priorizados os Assistentes atuais e beneficiando os caixas.<\/p>\n<p><strong>Especialista em Atendimento e Neg\u00f3cios<\/strong><br \/>A nova fun\u00e7\u00e3o de Especialista em Atendimento e Neg\u00f3cios ter\u00e1 jornada de 8 horas di\u00e1rias e um VR 23,5% maior que a dos atuais Supervisores de Atendimento, que ter\u00e3o prioridade de nomea\u00e7\u00e3o na pr\u00f3pria ag\u00eancia. Ser\u00e3o aproximadamente 1,5 mil novas vagas em janeiro.<\/p>\n<p><strong>Gerente de Neg\u00f3cios Digitais<\/strong><br \/>Nos Escrit\u00f3rios Leves, ser\u00e1 implementada a fun\u00e7\u00e3o de Gerente de Neg\u00f3cios Digitais, com VR 45% maior que dos Gerentes de Relacionamento Exclusivo.\u00a0<\/p>\n<p><strong>Valoriza\u00e7\u00e3o das redes de apoio<\/strong><br \/>As fun\u00e7\u00f5es de Assistente Operacional J\u00fanior e Pleno ter\u00e3o seus VRs reajustados em 20,9% e 15,6%, respectivamente.\u00a0<\/p>\n<p><strong>Assistente de Tesouraria<\/strong><br \/>Ser\u00e1 criada a fun\u00e7\u00e3o de Assistente de Tesouraria, com VR de R$ 5.964,01.\u00a0<\/p>\n<p>Fernanda Lopes lembra que a cria\u00e7\u00e3o e os ajustes dessas fun\u00e7\u00f5es foram uma das pautas centrais nas negocia\u00e7\u00f5es espec\u00edficas com o BB, conduzidas pela Contraf-CUT, assessorada pela CEBB, durante a Campanha Nacional 2024. O objetivo foi garantir n\u00e3o apenas melhores condi\u00e7\u00f5es de trabalho, mas tamb\u00e9m corrigir desn\u00edveis salariais e fortalecer as redes de atendimento e apoio do banco. \u201cEssas mudan\u00e7as s\u00e3o fundamentais para a valoriza\u00e7\u00e3o dos trabalhadores e mostram o quanto \u00e9 essencial estarmos organizados e mobilizados. Ainda h\u00e1 muito a avan\u00e7ar, mas os resultados conquistados refor\u00e7am a import\u00e2ncia de lutarmos juntos por direitos e melhores condi\u00e7\u00f5es de trabalho\u201d, concluiu.<\/p>\n<h1>Veja a tabela das mudan\u00e7as de valores<br \/>\u00a0<\/h1>\n<section class=\"block__image\">\n<div class=\"container block__image-container--xl\"><img decoding=\"async\" contenteditable=\"false\" src=\"https:\/\/contrafcut.com.br\/data\/files\/4F\/57\/87\/C6\/615D3910882ADB39820808A8\/WhatsApp%20Image%202024-12-17%20at%2011.24.04.jpeg\" srcset=\"https:\/\/contrafcut.com.br\/data\/files\/4F\/57\/87\/C6\/615D3910882ADB39820808A8\/img_WhatsApp%20Image%202024-12-17%20at%2011.24.04_gd.webp 640w, https:\/\/contrafcut.com.br\/data\/files\/4F\/57\/87\/C6\/615D3910882ADB39820808A8\/img_WhatsApp%20Image%202024-12-17%20at%2011.24.04_md.webp 480w, https:\/\/contrafcut.com.br\/data\/files\/4F\/57\/87\/C6\/615D3910882ADB39820808A8\/img_WhatsApp%20Image%202024-12-17%20at%2011.24.04_pq.webp 320w, https:\/\/contrafcut.com.br\/data\/files\/4F\/57\/87\/C6\/615D3910882ADB39820808A8\/WhatsApp%20Image%202024-12-17%20at%2011.24.04.jpeg\" alt=\"Tabela de mudan\u00e7as de valores\" \/><\/div>\n<\/section>\n<\/div>\n<\/div>\n<\/div>\n<\/section>\n<\/article>\n<div id=\"lumIId2C9580848F88EB85018F88EF653F0133\">\u00a0<\/div>\n<\/div>\n<\/section>\n<p><b>Fonte: Contraf-CUT<\/b><\/p>\n","protected":false},"excerpt":{"rendered":"<p>O Banco do Brasil anunciou o ajuste e a cria\u00e7\u00f5es de novas de fun\u00e7\u00f5es a partir de janeiro, conquista da Campanha Nacional dos Banc\u00e1rios 2024. A coordenadora da Comiss\u00e3o Nacional dos Funcion\u00e1rios do Banco do Brasil, Fernanda Lopes, conta que ao todo s\u00e3o cinco mudan\u00e7as para mais de 15 mil pessoas. \u201cEssas atualiza\u00e7\u00f5es demonstram a [&hellip;]<\/p>\n","protected":false},"author":2,"featured_media":16039,"comment_status":"","ping_status":"","sticky":false,"template":"","format":"standard","meta":{"footnotes":""},"categories":[3],"tags":[],"class_list":["post-16040","post","type-post","status-publish","format-standard","has-post-thumbnail","hentry","category-noticias"],"_links":{"self":[{"href":"https:\/\/hostnetart.com.br\/baixada\/wp-json\/wp\/v2\/posts\/16040","targetHints":{"allow":["GET"]}}],"collection":[{"href":"https:\/\/hostnetart.com.br\/baixada\/wp-json\/wp\/v2\/posts"}],"about":[{"href":"https:\/\/hostnetart.com.br\/baixada\/wp-json\/wp\/v2\/types\/post"}],"author":[{"embeddable":true,"href":"https:\/\/hostnetart.com.br\/baixada\/wp-json\/wp\/v2\/users\/2"}],"replies":[{"embeddable":true,"href":"https:\/\/hostnetart.com.br\/baixada\/wp-json\/wp\/v2\/comments?post=16040"}],"version-history":[{"count":0,"href":"https:\/\/hostnetart.com.br\/baixada\/wp-json\/wp\/v2\/posts\/16040\/revisions"}],"wp:featuredmedia":[{"embeddable":true,"href":"https:\/\/hostnetart.com.br\/baixada\/wp-json\/wp\/v2\/media\/16039"}],"wp:attachment":[{"href":"https:\/\/hostnetart.com.br\/baixada\/wp-json\/wp\/v2\/media?parent=16040"}],"wp:term":[{"taxonomy":"category","embeddable":true,"href":"https:\/\/hostnetart.com.br\/baixada\/wp-json\/wp\/v2\/categories?post=16040"},{"taxonomy":"post_tag","embeddable":true,"href":"https:\/\/hostnetart.com.br\/baixada\/wp-json\/wp\/v2\/tags?post=16040"}],"curies":[{"name":"wp","href":"https:\/\/api.w.org\/{rel}","templated":true}]}}